{"id":653,"date":"2021-11-01T16:19:24","date_gmt":"2021-11-01T15:19:24","guid":{"rendered":"http:\/\/www.gerardparisclavel.fr\/bonjour\/?p=653"},"modified":"2022-03-04T15:59:38","modified_gmt":"2022-03-04T14:59:38","slug":"exposition-de-gerard-paris-clavel-lyon","status":"publish","type":"post","link":"http:\/\/www.gerardparisclavel.fr\/bonjour\/?p=653","title":{"rendered":"Exposition de G\u00e9rard Paris-Clavel &#8211; Lyon"},"content":{"rendered":"\n<h2><img loading=\"lazy\" class=\"alignnone wp-image-296\" src=\"http:\/\/www.gerardparisclavel.fr\/bonjour\/wp-content\/uploads\/2022\/03\/ba.jpg\" alt=\"\" width=\"800\" height=\"329\"><\/h2>\n\n\n\n<p>Mus\u00e9e de l\u2019Imprimerie, 13 rue de la Poulaillerie 69002 Lyon\ndu 15 octobre au 27 f\u00e9vrier 2021<\/p>\n\n\n\n<p><\/p>\n\n\n\n<p>Les images sont vivantes. Elles d\u00e9bordent du cadre, se d\u00e9coupent, coulent et entrent dans nos regards comme des \u00e9tincelles. Il ne s\u2019agit surtout pas de les enfermer, de les mettre en cage en les labellisant, les tournant droites ou les emmenant l\u00e0 o\u00f9 on voudrait les exposer. Cette vie intime et circulaire des images, toujours en mouvement, est au c\u0153ur de la d\u00e9marche de G\u00e9rard Paris-Clavel.\nDe l\u2019atelier \u00e0 l\u2019imprimerie, de la rue \u00e0 l\u2019esprit, cette envie du graphiste de jouer avec les lettres, d\u2019aligner l\u2019impr\u00e9vu en grand et en beau devient sa marque de fabrique, son secret de cuisine. Quoi de plus normal de parler cuisine et m\u00e9tier au Mus\u00e9e de l\u2019Imprimerie et de la Communication graphique, gardien des savoir-faire graphiques et porteur d\u2019un projet naviguant toutes portes ouvertes sur le monde que nous vivons aujourd\u2019hui.\nAvec G\u00e9rard Paris-Clavel, le mus\u00e9e se montrera autrement, les images viendront se d\u00e9ployer dans les rues de Lyon, dans la cour, dans les collections, embrassant toutes les \u00e9poques de l\u2019art imprim\u00e9 et toutes les p\u00e9riodes de travail du graphiste, tous les recoins de sa pratique.\nBelle exposition manifestation d\u2019images \u00e0 toutes et \u00e0 tous\u2009!<\/p>\n\n\n\n<p class=\"has-text-align-right\">Joseph Belletante, <em>directeur<\/em><\/p>\n\n\n\n<p>Reportage de J\u00e9r\u00f4me Cassou \u00e0 T\u00e9l\u00e9matin <strong><a href=\"https:\/\/www.youtube.com\/watch?v=krQNh3bhvuY\" data-type=\"URL\" data-id=\"https:\/\/www.youtube.com\/watch?v=krQNh3bhvuY\">ici<\/a><\/strong><\/p>\n\n\n\n<div class=\"wp-block-image\"><figure class=\"alignleft size-full\"><img loading=\"lazy\" width=\"640\" height=\"507\" src=\"http:\/\/www.gerardparisclavel.fr\/bonjour\/wp-content\/uploads\/2021\/11\/IMG_4786-1.jpg\" alt=\"\" class=\"wp-image-702\" srcset=\"http:\/\/www.gerardparisclavel.fr\/bonjour\/wp-content\/uploads\/2021\/11\/IMG_4786-1.jpg 640w, http:\/\/www.gerardparisclavel.fr\/bonjour\/wp-content\/uploads\/2021\/11\/IMG_4786-1-300x238.jpg 300w\" sizes=\"(max-width: 640px) 100vw, 640px\" \/><\/figure><\/div>\n\n\n\n<div class=\"wp-block-image\"><figure class=\"alignleft size-full is-resized\"><img loading=\"lazy\" src=\"http:\/\/www.gerardparisclavel.fr\/bonjour\/wp-content\/uploads\/2021\/11\/P1110168-5.jpg\" alt=\"\" class=\"wp-image-682\" width=\"638\" height=\"479\" srcset=\"http:\/\/www.gerardparisclavel.fr\/bonjour\/wp-content\/uploads\/2021\/11\/P1110168-5.jpg 425w, http:\/\/www.gerardparisclavel.fr\/bonjour\/wp-content\/uploads\/2021\/11\/P1110168-5-300x225.jpg 300w\" sizes=\"(max-width: 638px) 100vw, 638px\" \/><\/figure><\/div>\n\n\n\n<div class=\"wp-block-image\"><figure class=\"alignleft size-full is-resized\"><img loading=\"lazy\" src=\"http:\/\/www.gerardparisclavel.fr\/bonjour\/wp-content\/uploads\/2021\/11\/P1110202-4.jpg\" alt=\"\" class=\"wp-image-683\" width=\"638\" height=\"533\" srcset=\"http:\/\/www.gerardparisclavel.fr\/bonjour\/wp-content\/uploads\/2021\/11\/P1110202-4.jpg 567w, http:\/\/www.gerardparisclavel.fr\/bonjour\/wp-content\/uploads\/2021\/11\/P1110202-4-300x251.jpg 300w\" sizes=\"(max-width: 638px) 100vw, 638px\" \/><\/figure><\/div>\n\n\n\n<div class=\"wp-block-image\"><figure class=\"alignleft size-full is-resized\"><img loading=\"lazy\" src=\"http:\/\/www.gerardparisclavel.fr\/bonjour\/wp-content\/uploads\/2021\/11\/IMG_4513-3.jpg\" alt=\"\" class=\"wp-image-684\" width=\"639\" height=\"864\" srcset=\"http:\/\/www.gerardparisclavel.fr\/bonjour\/wp-content\/uploads\/2021\/11\/IMG_4513-3.jpg 425w, http:\/\/www.gerardparisclavel.fr\/bonjour\/wp-content\/uploads\/2021\/11\/IMG_4513-3-222x300.jpg 222w\" sizes=\"(max-width: 639px) 100vw, 639px\" \/><\/figure><\/div>\n\n\n\n<div class=\"wp-block-image\"><figure class=\"alignleft size-large is-resized\"><img loading=\"lazy\" src=\"http:\/\/www.gerardparisclavel.fr\/bonjour\/wp-content\/uploads\/2021\/11\/IMG_4665-1024x999.jpeg\" alt=\"\" class=\"wp-image-677\" width=\"639\" height=\"624\" srcset=\"http:\/\/www.gerardparisclavel.fr\/bonjour\/wp-content\/uploads\/2021\/11\/IMG_4665-1024x999.jpeg 1024w, http:\/\/www.gerardparisclavel.fr\/bonjour\/wp-content\/uploads\/2021\/11\/IMG_4665-300x293.jpeg 300w, http:\/\/www.gerardparisclavel.fr\/bonjour\/wp-content\/uploads\/2021\/11\/IMG_4665-768x749.jpeg 768w, http:\/\/www.gerardparisclavel.fr\/bonjour\/wp-content\/uploads\/2021\/11\/IMG_4665.jpeg 1284w\" sizes=\"(max-width: 639px) 100vw, 639px\" \/><\/figure><\/div>\n\n\n\n<div class=\"wp-block-image\"><figure class=\"alignleft size-large is-resized\"><img loading=\"lazy\" src=\"http:\/\/www.gerardparisclavel.fr\/bonjour\/wp-content\/uploads\/2022\/03\/vivaelserviciopublico-1024x576.png\" alt=\"\" class=\"wp-image-762\" width=\"638\" height=\"359\" srcset=\"http:\/\/www.gerardparisclavel.fr\/bonjour\/wp-content\/uploads\/2022\/03\/vivaelserviciopublico-1024x576.png 1024w, http:\/\/www.gerardparisclavel.fr\/bonjour\/wp-content\/uploads\/2022\/03\/vivaelserviciopublico-300x169.png 300w, http:\/\/www.gerardparisclavel.fr\/bonjour\/wp-content\/uploads\/2022\/03\/vivaelserviciopublico-768x432.png 768w, http:\/\/www.gerardparisclavel.fr\/bonjour\/wp-content\/uploads\/2022\/03\/vivaelserviciopublico-1536x864.png 1536w, http:\/\/www.gerardparisclavel.fr\/bonjour\/wp-content\/uploads\/2022\/03\/vivaelserviciopublico.png 1718w\" sizes=\"(max-width: 638px) 100vw, 638px\" \/><\/figure><\/div>\n\n\n\n<p class=\"has-text-align-center\" style=\"font-size:25px\"><strong>Quand tout sera priv\u00e9, <\/strong>\n<strong>nous serons priv\u00e9s de tout<\/strong><\/p>\n\n\n\n<p>Une affiche install\u00e9e dans les rues de Lyon, en France, a inspir\u00e9 le pr\u00e9sident mexicain qui y a consacr\u00e9 quelques minutes lors de la conf\u00e9rence du matin : \u00ab\u00a0Vive le service public\u00a0\u00bb. Pie de P\u00e1gina a interview\u00e9 l&rsquo;auteur de l&rsquo;affiche : G\u00e9rard Paris-Clavel, une r\u00e9f\u00e9rence actuelle de l&rsquo;art graphique populaire fran\u00e7ais.\nPARIS, FRANCE &#8211; Le graphiste G\u00e9rard Paris-Clavel n&rsquo;aurait jamais pens\u00e9 qu&rsquo;une de ses affiches install\u00e9e sur un abribus de Lyon, une ville du sud de la France, serait photographi\u00e9e par un Mexicain et que cette photo deviendrait, en quelques heures, virale sur les r\u00e9seaux sociaux hispanophones, notamment mexicains.\nEt il a encore moins pens\u00e9 que trois jours apr\u00e8s la capture de cette image, de l&rsquo;autre c\u00f4t\u00e9 de l&rsquo;Atlantique, le pr\u00e9sident mexicain Andr\u00e9s Manuel L\u00f3pez Obrador l&rsquo;a montr\u00e9e lors de son habituelle conf\u00e9rence matinale, au milieu d&rsquo;un discours sur le service public, en lisant la phrase qui est, \u00e0 elle seule, l&rsquo;essence de l&rsquo;affiche : \u00ab\u00a0Quand tout sera priv\u00e9, nous serons priv\u00e9s de tout. Vive le service public.&nbsp;\u00bb\nLa vid\u00e9o de cette conf\u00e9rence compte, \u00e0 ce jour, plus d&rsquo;un million et demi de vues, dont beaucoup ont probablement \u00e9chang\u00e9 une conversation s\u00e9miotique lorsque l&rsquo;image de Paris-Clavel est apparue. Pas mal pour un designer qui cherche, justement, \u00e0 provoquer et \u00e0 questionner avec ses cr\u00e9ations.<\/p>\n\n\n\n<p><strong>Il faut du courage pour parler du service public<\/strong>\n\u00c0 l&rsquo;occasion de cet \u00e9v\u00e9nement, Pie de P\u00e1gina s&rsquo;est entretenu avec Paris-Clavel au sujet de l&rsquo;affiche en question et de son apparition lors d&rsquo;une conf\u00e9rence au Mexique, du service public, de la politique et de la cr\u00e9ation graphique, entre autres points. Paris-Clavel est une r\u00e9f\u00e9rence actuelle du graphisme populaire fran\u00e7ais, dont l&rsquo;\u0153uvre fait actuellement l&rsquo;objet d&rsquo;une exposition r\u00e9trospective dans la ville de Lyon.\n<em>\u00ab\u00a0J&rsquo;ai \u00e9t\u00e9 surpris et tr\u00e8s heureux que mon image soit vue, mais c&rsquo;est anecdotique : je suis beaucoup plus int\u00e9ress\u00e9 par le fait qu&rsquo;un pr\u00e9sident de la R\u00e9publique ouvre le d\u00e9bat sur le service public, qui est un \u00e9l\u00e9ment politique fondamental d&rsquo;une politique progressiste par rapport \u00e0 la privatisation du monde\u00a0\u00bb. Je voudrais que le mien (mon pr\u00e9sident) fasse de m\u00eame, qu&rsquo;il mette sur la table la question du service public, la question de la lutte contre les int\u00e9r\u00eats priv\u00e9s. Il faut du courage.&nbsp;\u00bb<\/em>\nG\u00e9rard Paris-Clavel est un designer dont le travail est li\u00e9 \u00e0 des questions politiques et sociales, une constante des collectifs auxquels il a particip\u00e9 tout au long de sa carri\u00e8re de graphiste, comme Grapus, un groupe qui a marqu\u00e9 le graphisme fran\u00e7ais dans les ann\u00e9es 1970 et 1980, Les Graphistes associ\u00e9s et Ne pas plier, dont il fait actuellement partie. Il a son studio \u00e0 Ivry-sur-Seine, en banlieue parisienne, qu&rsquo;il a baptis\u00e9 \u00ab\u00a0l&rsquo;atelier du bonjour\u00a0\u00bb<\/p>\n\n\n\n<p><strong><em>Parlez-nous pr\u00e9cis\u00e9ment de cette affiche Viva el servicio p\u00fablico &#8211; quand, pourquoi et dans quel contexte avez-vous d\u00e9cid\u00e9 de la cr\u00e9er ?<\/em><\/strong>\n<em>En 2010, il y a eu un mouvement g\u00e9n\u00e9ral en France sur le service public \u00e0 l&rsquo;initiative du secteur social fran\u00e7ais, c&rsquo;est-\u00e0-dire des syndicats et des associations avec de nombreuses initiatives pour sensibiliser le public sur la question. J&rsquo;ai cr\u00e9\u00e9 une association appel\u00e9e Ne pas plier et nous avons organis\u00e9 des marches d&rsquo;information dans la ville en faveur du service public. D&rsquo;o\u00f9 le titre \u00ab\u00a0Vive le service public\u00a0\u00bb. Nous avons organis\u00e9 des promenades autour de La Poste (entreprise publique fran\u00e7aise qui fournit des services postaux, bancaires et t\u00e9l\u00e9phoniques), des \u00e9coles, de la mairie&#8230; Et il y a deux ans, un slogan est apparu dans les manifestations qui a retenu mon attention : \u00ab\u00a0quand tout sera priv\u00e9, nous serons priv\u00e9s de tout\u00a0\u00bb. Je ne l&rsquo;ai pas invent\u00e9.<\/em><\/p>\n\n\n\n<p><strong>Pand\u00e9mie : s&rsquo;exprimer \u00e0 la maison<\/strong>\nLe th\u00e8me du service public a r\u00e9sonn\u00e9 fortement pendant la pand\u00e9mie de covid-19, une situation qui, dans de nombreuses r\u00e9gions du monde, a mis en \u00e9vidence les faiblesses du service de sant\u00e9 publique. La France ne fait pas exception \u00e0 la r\u00e8gle, et Paris-Clavel d\u00e9cide de r\u00e9unir en une seule image la revendication du service public et le slogan qui r\u00e9sonne dans les marches et qui lui est rest\u00e9 en t\u00eate.\n<em>\u00ab\u00a0Pendant la pand\u00e9mie et pour soutenir les h\u00f4pitaux publics, j&rsquo;ai partag\u00e9 le design (de Vive le service public) sur plusieurs feuilles A4 (la taille d&rsquo;une feuille de papier) afin que les gens puissent imprimer le message chez eux et le coller sur leurs fen\u00eatres. (A une \u00e9poque o\u00f9 il n&rsquo;\u00e9tait pas possible de sortir dans les rues \u00e0 cause de la pand\u00e9mie), il s&rsquo;agissait de soutenir la lutte des infirmi\u00e8res et des h\u00f4pitaux publics en France. Il est devenu tr\u00e8s populaire. Je ne parlerais pas de \u00ab\u00a0succ\u00e8s\u00a0\u00bb parce que je n&rsquo;aime pas ce mot, mais il s&rsquo;est impos\u00e9. Puis j&rsquo;en ai fait un poster. Pour moi, l&rsquo;origine et la destination, le contexte et les circonstances d&rsquo;une image sont importants\u00a0\u00bb, explique M. Paris-Clavel, qui ne se consid\u00e8re pas comme un artiste mais comme un artisan graphique.&nbsp;<\/em><\/p>\n\n\n\n<p><strong>L&rsquo;image comme questionnement<\/strong>\nL&rsquo;\u0153uvre de Paris-Clavel et les questions sociales qu&rsquo;elle aborde sont si vastes qu&rsquo;il n&rsquo;y a gu\u00e8re de manifestation ou de ville en France sans une de ses images.\nUn autre de ses dessins r\u00e9appropri\u00e9s par le peuple est R\u00eave g\u00e9n\u00e9ral, qui fait un jeu de mots avec \u00ab\u00a0Gr\u00e8ve g\u00e9n\u00e9rale\u00a0\u00bb, une affiche commune aux r\u00e9centes &#8211; et constantes &#8211; gr\u00e8ves fran\u00e7aises.\nIl a \u00e9galement des \u0153uvres qui sont utilis\u00e9es dans les marches f\u00e9ministes. Elle a r\u00e9alis\u00e9 un dessin o\u00f9 un clitoris ressemble au bonnet phrygien port\u00e9 par Marianne, l&rsquo;all\u00e9gorie qui symbolise en France la devise de cette r\u00e9publique (\u00ab\u00a0libert\u00e9, \u00e9galit\u00e9, fraternit\u00e9\u00a0\u00bb) accompagn\u00e9e du slogan \u00ab\u00a0Mon corps, mon choix\u00a0\u00bb.\nCes images, ainsi que l&#8217;emballage auto-imprim\u00e9 de Vive le service public et d&rsquo;autres de ses graphiques portant sur les questions de sant\u00e9, l&rsquo;imp\u00f4t sur la fortune, les vaccins universels anti-covirus, entre autres, sont visibles sur son site web.&nbsp;<a href=\"http:\/\/www.gerardparisclavel.fr\/\">http:\/\/www.gerardparisclavel.fr\/<\/a><\/p>\n\n\n\n<p><strong><em>On peut voir vos \u0153uvres dans les rues, lors de manifestations, aux fen\u00eatres des maisons&#8230; Pourquoi est-il important que vos cr\u00e9ations plaisent aux pi\u00e9tons, aux personnes qui passent et regardent vos \u0153uvres ?<\/em><\/strong>\n<em>&#8211; Pour moi, une \u0153uvre de cr\u00e9ation doit participer \u00e0 des questions. De nos jours, ce que nous appelons communication ne veut que montrer les \u00e9v\u00e9nements, et non les remettre en question. (&#8230;) Les \u00e9changes sont trop rapides et le spectateur ne peut pas d\u00e9crire une image pour essayer de la comprendre, elle s&rsquo;impose \u00e0 lui, il passe son temps \u00e0 glisser des images. (&#8230;) J&rsquo;ai une pratique politique de mon travail : je veux cr\u00e9er des collectifs, questionner et partager des connaissances. Je dis toujours une chose grossi\u00e8re et je ne sais pas si on peut la traduire en mexicain, mais c&rsquo;est quand m\u00eame int\u00e9ressant : pour moi communiquer c&rsquo;est niquer (communiquer, c&rsquo;est se d\u00e9cha\u00eener). Informer, c&rsquo;est former. Dans le mot information, il y a formation : partage des connaissances.<\/em><\/p>\n\n\n\n<p><strong>Exposition-manifestation<\/strong>\nL&rsquo;affiche publique Vive le service fait partie d&rsquo;une \u00ab\u00a0exposition-manifestation\u00a0\u00bb qui, du 15 octobre au 27 f\u00e9vrier 2022, pr\u00e9sente des \u0153uvres de Paris-Clavel (s\u00e9rigraphie, offset et num\u00e9rique) au Mus\u00e9e de la Printemps et de la Communication Graphique \u00e0 Lyon. L&rsquo;exposition porte un nom simple : Avec.\nL&rsquo;intention de Paris-Clavel d&rsquo;exposer et en m\u00eame temps d'(in)\u00e9duquer \u00e0 son travail se manifeste \u00e9galement dans la \u00ab\u00a0promotion\u00a0\u00bb m\u00eame qu&rsquo;il a d\u00e9cid\u00e9 de faire de son exposition au mus\u00e9e de Lyon : quatre affiches (une sur l&rsquo;argent, une sur l&rsquo;\u00e9galit\u00e9 entre les femmes et les hommes, une autre sur la ville et une sur le service public) ont \u00e9t\u00e9 distribu\u00e9es dans la ville fran\u00e7aise, mais sans aucune note explicative sur celles-ci, sans aucune r\u00e9f\u00e9rence \u00e0 l&rsquo;exposition, au mus\u00e9e ou \u00e0 l&rsquo;auteur. Seulement les posters et leur message original.<\/p>\n\n\n\n<p><strong><em>Pourquoi avez-vous d\u00e9cid\u00e9 d&rsquo;installer les images de cette mani\u00e8re \u00e0 Lyon dans le cadre de votre exposition dans cette ville ?<\/em><\/strong>\n<em>Parce qu&rsquo;il permet aux gens de ressentir une \u00e9motion. En g\u00e9n\u00e9ral, les images dans la ville donnent des r\u00e9ponses avant que les personnes qui les voient aient eu l&rsquo;occasion de les remettre en question. Je n&rsquo;aime pas m&rsquo;exposer, j&rsquo;aime me manifester. Si je fais une affiche pour l&rsquo;exposition, ce sera pour promouvoir le mus\u00e9e, qui n&rsquo;a pas besoin de moi pour cela. J&rsquo;ai propos\u00e9 cette id\u00e9e et elle a \u00e9t\u00e9 accept\u00e9e par le mus\u00e9e et par le gouvernement de la ville (Lyon est gouvern\u00e9e depuis juillet 2020 par le Parti vert fran\u00e7ais, E\u00c9LV).<\/em><\/p>\n\n\n\n<p><strong><em>Le titre de votre exposition est int\u00e9ressant : Avec. Pourquoi ce titre et \u00ab\u00a0avec\u00a0\u00bb qui ?<\/em><\/strong>\n<em>-En r\u00e8gle g\u00e9n\u00e9rale, il est \u00ab\u00a0avec\u00a0\u00bb le monde. Ma philosophie n&rsquo;est pas la version am\u00e9ricaine de l&rsquo;\u00e9quit\u00e9, o\u00f9 chacun est responsable de lui-m\u00eame, mais plut\u00f4t l&rsquo;\u00e9galit\u00e9 \u00e0 la fran\u00e7aise, issue de la R\u00e9volution. C&rsquo;est-\u00e0-dire la responsabilit\u00e9 collective. Nous vivons en collectivit\u00e9. Si nous comprenons cela, nous comprendrons que nous devons exprimer autant que possible notre singularit\u00e9 afin de nourrir un collectif de grande qualit\u00e9. Si nous cherchons uniquement \u00e0 travailler sur notre individualit\u00e9, nous construirons un communautarisme \u00e9troit et c&rsquo;est pr\u00e9cis\u00e9ment la pens\u00e9e du capital qui nous fait croire qu&rsquo;il est tr\u00e8s progressiste de s&rsquo;enfermer dans un syst\u00e8me individuel. Dans mon travail, le mot \u00ab\u00a0avec\u00a0\u00bb est fondamental : &#8230;..<\/em>\nLe service public peut \u00eatre exerc\u00e9 par des entit\u00e9s priv\u00e9es (lorsque l&rsquo;entreprise qui l&rsquo;exerce est soumise \u00e0 la supervision et au contr\u00f4le de l&rsquo;\u00c9tat) mais le postulat du public revendiqu\u00e9 par Paris-Clavel va plus loin : le priv\u00e9 se r\u00e9duit au profit et au revenu alors que le public doit toujours voir beaucoup plus loin.<\/p>\n\n\n\n<p><strong><em>Pensez-vous qu&rsquo;il est n\u00e9cessaire pour un fonctionnaire d&rsquo;avoir une position politique d\u00e9finie ?<\/em><\/strong>\n<em>-La politique est la mise en \u0153uvre de la vie collective. Si la politique est per\u00e7ue comme quelque chose de n\u00e9gatif, c&rsquo;est parce qu&rsquo;elle est mal comprise et mal interpr\u00e9t\u00e9e. Cela cr\u00e9e donc une d\u00e9politisation et les gens n&rsquo;y croient pas parce qu&rsquo;elle est repr\u00e9sent\u00e9e par des technocrates et des menteurs. Il perd son n\u00e9cessaire sens populaire&#8230; Bien s\u00fbr, un fonctionnaire doit avoir une id\u00e9ologie. De mani\u00e8re imp\u00e9rative, je crois qu&rsquo;un fonctionnaire doit \u00eatre form\u00e9 \u00e0 une conscience civique et politique du monde. Sans cela, il devient un fonctionnaire froid et caricatural. (&#8230;) Je crois que le fonctionnaire doit avoir une conscience du monde pour pouvoir bien faire son travail, sinon il ne sera qu&rsquo;un administrateur, il ne pourra pas s&rsquo;ancrer dans un collectif humain et social.<\/em>\n<em>\u00ab\u00a0Nous devons donner un sens au service public. Et par donner du sens, j&rsquo;entends un projet de vie sociale, qu&rsquo;il soit id\u00e9ologique ou politique. Et il est n\u00e9cessaire de la partager avec tous les citoyens pour qu&rsquo;ils aient un but dans la vie. Il n&rsquo;est pas possible de travailler uniquement pour r\u00e9parer les malheurs. Ensemble, nous devons avoir un projet joyeux \u00e0 construire, et ce projet doit \u00eatre organis\u00e9 dans certaines conditions.<\/em><\/p>\n\n\n\n<p><strong>Privatiser la France<\/strong>\nLa France, comme le reste du monde, a connu une forte politique de privatisation au cours des derni\u00e8res d\u00e9cennies. Son pr\u00e9sident sortant, Emmanuel Macron, poursuit dans cette voie. Une partie de sa politique n\u00e9olib\u00e9rale, la plus forte depuis 10 ans, est inscrite dans la loi Pacte (pacte, et acronyme de Plan d&rsquo;action pour la croissance et la transformation des entreprises) que le gouvernement a promulgu\u00e9e en 2019 afin de baisser la dette publique et de mettre le produit des ventes de l&rsquo;\u00c9tat au service de \u00ab\u00a0l&rsquo;innovation technologique\u00a0\u00bb.\n\u00ab\u00a0L&rsquo;\u00c9tat n&rsquo;a pas vocation \u00e0 diriger des entreprises comp\u00e9titives, les actionnaires ont les comp\u00e9tences et le savoir-faire pour le faire mieux\u00a0\u00bb, avait d\u00e9clar\u00e9 \u00e0 l&rsquo;\u00e9poque le ministre fran\u00e7ais de l&rsquo;\u00e9conomie et des finances Bruno Le Maire pour d\u00e9fendre la loi d&rsquo;initiative de l&rsquo;\u00e9poque. Pour Macron, c&rsquo;est la marque \u00e9conomique de la maison : l&rsquo;\u00c9tat ne doit g\u00e9rer et superviser que ce que le capital priv\u00e9 contr\u00f4le et poss\u00e8de.\nL&rsquo;administration fran\u00e7aise actuelle a r\u00e9duit la participation de l&rsquo;\u00c9tat dans l&rsquo;op\u00e9rateur de jeux d&rsquo;argent (La Fran\u00e7aise des Jeux) et dans l&rsquo;industrie du gaz (Engie). Son programme de lib\u00e9ralisation concerne \u00e9galement les chemins de fer, l&rsquo;\u00e9lectricit\u00e9, les a\u00e9roports&#8230; Mais les r\u00e9sistances qu&rsquo;il suscite constituent un obstacle majeur \u00e0 l&rsquo;ach\u00e8vement des r\u00e9formes dans le sens souhait\u00e9 par Macron.\nL&rsquo;annonce de la vente des parts publiques des a\u00e9roports parisiens (y compris les terminaux de Charles de Gaulle et d&rsquo;Orly, dont un peu plus de la moiti\u00e9 des parts totales sont actuellement entre les mains de l&rsquo;\u00c9tat) a suscit\u00e9 une forte opposition, m\u00eame g\u00e9n\u00e9rale : toutes les forces politiques fran\u00e7aises de droite et de gauche (insoumis, Verts, droite gaulliste, communistes, socialistes et m\u00eame partisans de Marine Le Pen) ont propos\u00e9 d&rsquo;organiser une consultation citoyenne sur la question, \u00e0 l&rsquo;exception de La R\u00e9publique en Marche (le parti du pr\u00e9sident) et du Mouvement d\u00e9mocratique. Face \u00e0 la pand\u00e9mie de Covid-19 et \u00e0 la forte baisse de l&rsquo;activit\u00e9 a\u00e9roportuaire qui s&rsquo;en est suivie, le projet de vente a depuis \u00e9t\u00e9 mis de c\u00f4t\u00e9.\nLa pand\u00e9mie elle-m\u00eame a montr\u00e9 les ravages de la privatisation des soins de sant\u00e9 publics, avec un manque de fournitures, un manque de personnel et des preuves d&rsquo;une structure hospitali\u00e8re inad\u00e9quate. Un r\u00e9cent rapport du groupe de recherche Corporate Europe Observatory, bas\u00e9 \u00e0 Bruxelles (Belgique), qui vise \u00e0 \u00e9tudier les pressions exerc\u00e9es par le lobby des entreprises sur les politiques publiques europ\u00e9ennes, ne m\u00e2che pas ses mots : \u00ab\u00a0Les r\u00e9formes n\u00e9olib\u00e9rales qui affaiblissent les syst\u00e8mes de sant\u00e9 publique sont en partie le r\u00e9sultat des pressions politiques exerc\u00e9es par l&rsquo;Union europ\u00e9enne\u00a0\u00bb.\nDe m\u00eame que la France &#8211; comme le reste du monde &#8211; a entam\u00e9 sa phase de privatisation dans les ann\u00e9es 1980, le monde entier vit actuellement un d\u00e9bat de plus en plus constant : la revendication du secteur public face aux int\u00e9r\u00eats priv\u00e9s.\nC&rsquo;est une question d&rsquo;actualit\u00e9 qui se dessine d\u00e9j\u00e0 pour les futurs d\u00e9bats de la campagne pr\u00e9sidentielle fran\u00e7aise \u00e0 l&rsquo;horizon 2022. Il s&rsquo;agira des a\u00e9roports, du secteur de la sant\u00e9, des routes. L&rsquo;\u00e9nergie ne sera pas en reste, surtout au vu de la crise que traverse le continent dans ce domaine (avec un accent particulier sur l&rsquo;Espagne) : d&rsquo;un c\u00f4t\u00e9, des voix s&rsquo;\u00e9l\u00e8vent pour parler de la \u00ab\u00a0renationalisation\u00a0\u00bb du gaz et de l&rsquo;\u00e9lectricit\u00e9 en 2021, date du 75e anniversaire du d\u00e9cret fran\u00e7ais d\u00e9clarant ces biens publics, tandis que dans le m\u00eame temps, le gouvernement de Macron envisage d&rsquo;autres plans : dans le but de \u00ab\u00a0rendre l&rsquo;\u00e9conomie plus efficace\u00a0\u00bb, il cherche \u00e0 r\u00e9duire la participation de l&rsquo;\u00c9tat dans l&rsquo;\u00e9lectricit\u00e9 et le gaz naturel avec les plans Hercule et Clamadieu.\nLe candidat Macron, qui s&rsquo;est pr\u00e9sent\u00e9 lors de la derni\u00e8re campagne pr\u00e9sidentielle comme un homme politique \u00ab\u00a0ni de gauche ni de droite\u00a0\u00bb, est pour Paris-Clavel un d\u00e9guisement qui s&rsquo;effondre par le simple fait de s&rsquo;informer : \u00ab\u00a0Les gens politiquement inform\u00e9s savent que Macron est de droite. C&rsquo;est le banquier des riches, il ne vient pas des quartiers difficiles de Marseille. C&rsquo;est un bourgeois au service des riches, une marionnette du grand capital.<\/p>\n\n\n\n<p><strong><em>-Quel est l&rsquo;\u00e9tat actuel du service public en France ?<\/em><\/strong>\n<em>-C&rsquo;est catastrophique. Nous en avons pris conscience lors de la gestion de la pand\u00e9mie : il n&rsquo;y avait pas de masques, pas de gel antibact\u00e9rien, pas de vaccinations, nous manquions de lits, la formation des m\u00e9decins est d\u00e9ficiente. Le capital s&rsquo;int\u00e9resse aux performances et veut imposer le mod\u00e8le commercial au service public. Et nous constatons chaque jour que ce mod\u00e8le a des effets pervers sur le service public.<\/em>\n<em>\u00ab\u00a0La d\u00e9ficience du service public est d\u00e9lib\u00e9r\u00e9e pour que l&rsquo;on puisse dire que le priv\u00e9 est meilleur. Vous allez dans un centre de s\u00e9curit\u00e9 sociale et les chaises sont cass\u00e9es, ce n&rsquo;est pas un environnement agr\u00e9able, c&rsquo;est un endroit sinistre, pas agr\u00e9able du tout. D&rsquo;une part, ils nous montrent les joies de la consommation priv\u00e9e, et d&rsquo;autre part, ils font para\u00eetre tristes et malvenus les droits acquis dans le service public. Et ils vous font croire que les entreprises sont le mod\u00e8le de la d\u00e9mocratie, mais elles ne le sont pas\u00a0\u00bb.<\/em><\/p>\n\n\n\n<p><strong><em>Que pensez-vous des personnes qui affirment que le travail cr\u00e9atif et artistique devrait \u00eatre apolitique, plus introspectif et abstrait et laisser \u00ab\u00a0la politique aux politiciens\u00a0\u00bb ?<\/em><\/strong>\n<em>-Il y a \u00e9videmment ce mythe de l&rsquo;artiste avant tout, mais c&rsquo;est une fa\u00e7on un peu na\u00efve de penser, car le politique est l&rsquo;ancrage d&rsquo;une personne dans le monde. Chaque acte a des cons\u00e9quences politiques. C&rsquo;est pourquoi je ne pr\u00e9tends pas \u00eatre un artiste mais un artisan graphique. C&rsquo;est-\u00e0-dire que je donne une dimension sociale \u00e0 mon travail. Je ratifie la d\u00e9cision du contexte et des circonstances de l&rsquo;exercice de ma profession. Nous faisons partie d&rsquo;une soci\u00e9t\u00e9. (\u00catre apolitique) serait de contempler la politique comme le monde des politicards, mais, h\u00e9, la politique est simplement le collectif social, le citoyen est celui qui participe au conflit social, pas celui qui est seulement spectateur. Les initiatives de nombreux pays et gouvernements autoritaires pour d\u00e9politiser les choses aident ainsi \u00e0 les privatiser. Le service public en France n&rsquo;a jamais \u00e9t\u00e9 un droit acquis mais un droit conquis. Le grand combat du secteur priv\u00e9 est de monopoliser et de<\/em><em>dominer tout. Et quand cela arrivera, nous serons priv\u00e9s de tout.&nbsp;<\/em><\/p>\n\n\n\n<p><strong>\u00ab\u00a0Soyons responsables, amusons-nous\u00a0\u00bb.<\/strong>\nPour G\u00e9rard Paris-Clavel, il est ind\u00e9niable que nous vivons dans un monde o\u00f9 deux grands projets s&rsquo;affrontent : celui du capital et celui du public. Dans ce combat politique, il estime qu&rsquo;il est essentiel de retrouver la joie de la collectivit\u00e9.\n<em>\u00ab\u00a0J&rsquo;ai un dicton : &lsquo;on ne peut pas d\u00e9noncer le malheur sans montrer la part de joie perdue que ce malheur implique&rsquo;. Si nous ne sommes que r\u00e9sistants au malheur et partisans de rien, nous ne pourrons pas construire, nous serons toujours dans le mortif\u00e8re, dans la fatalit\u00e9. Nous devons cesser d&rsquo;\u00eatre uniquement dans une position d\u00e9fensive.\u00a0\u00bb<\/em>\n<em>\u00a0\u00bb (Le sociologue fran\u00e7ais Pierre) Bourdieu s&rsquo;est demand\u00e9 quelle forme donner aux luttes politiques aujourd&rsquo;hui. Il est n\u00e9cessaire de construire un nouvel imaginaire qui offre des perspectives satisfaisantes pour nos vies, mais si nous ne faisons que r\u00e9sister au malheur, c&rsquo;est difficile. Les gens deviennent horriblement d\u00e9prim\u00e9s. J&rsquo;ai donc trouv\u00e9 un slogan amusant : \u00ab\u00a0Soyons responsables, amusons-nous\u00a0\u00bb.<\/em><\/p>\n\n\n\n<p>Iv\u00e1n Cad\u00edn<\/p>\n\n\n\n<div class=\"wp-block-columns\">\n<div class=\"wp-block-column\" style=\"flex-basis:100%\">\n<div class=\"wp-block-columns\">\n<div class=\"wp-block-column\" style=\"flex-basis:100%\">\n<blockquote class=\"wp-block-quote\"><\/blockquote>\n<\/div>\n<\/div>\n<\/div>\n<\/div>\n\n\n\n<p><\/p>\n","protected":false},"excerpt":{"rendered":"<p>Mus\u00e9e de l\u2019Imprimerie, 13 rue de la Poulaillerie 69002 Lyon du 15 octobre au 27 f\u00e9vrier 2021 Les images sont vivantes. Elles d\u00e9bordent du cadre, se d\u00e9coupent, coulent et entrent dans nos regards comme des \u00e9tincelles. Il ne s\u2019agit surtout &hellip; <a href=\"http:\/\/www.gerardparisclavel.fr\/bonjour\/?p=653\">Continuer la lecture <span class=\"meta-nav\">&rarr;<\/span><\/a><\/p>\n","protected":false},"author":1,"featured_media":0,"comment_status":"open","ping_status":"open","sticky":false,"template":"","format":"standard","meta":[],"categories":[2],"tags":[],"_links":{"self":[{"href":"http:\/\/www.gerardparisclavel.fr\/bonjour\/index.php?rest_route=\/wp\/v2\/posts\/653"}],"collection":[{"href":"http:\/\/www.gerardparisclavel.fr\/bonjour\/index.php?rest_route=\/wp\/v2\/posts"}],"about":[{"href":"http:\/\/www.gerardparisclavel.fr\/bonjour\/index.php?rest_route=\/wp\/v2\/types\/post"}],"author":[{"embeddable":true,"href":"http:\/\/www.gerardparisclavel.fr\/bonjour\/index.php?rest_route=\/wp\/v2\/users\/1"}],"replies":[{"embeddable":true,"href":"http:\/\/www.gerardparisclavel.fr\/bonjour\/index.php?rest_route=%2Fwp%2Fv2%2Fcomments&post=653"}],"version-history":[{"count":24,"href":"http:\/\/www.gerardparisclavel.fr\/bonjour\/index.php?rest_route=\/wp\/v2\/posts\/653\/revisions"}],"predecessor-version":[{"id":824,"href":"http:\/\/www.gerardparisclavel.fr\/bonjour\/index.php?rest_route=\/wp\/v2\/posts\/653\/revisions\/824"}],"wp:attachment":[{"href":"http:\/\/www.gerardparisclavel.fr\/bonjour\/index.php?rest_route=%2Fwp%2Fv2%2Fmedia&parent=653"}],"wp:term":[{"taxonomy":"category","embeddable":true,"href":"http:\/\/www.gerardparisclavel.fr\/bonjour\/index.php?rest_route=%2Fwp%2Fv2%2Fcategories&post=653"},{"taxonomy":"post_tag","embeddable":true,"href":"http:\/\/www.gerardparisclavel.fr\/bonjour\/index.php?rest_route=%2Fwp%2Fv2%2Ftags&post=653"}],"curies":[{"name":"wp","href":"https:\/\/api.w.org\/{rel}","templated":true}]}}