{"id":594,"date":"2021-03-30T08:16:28","date_gmt":"2021-03-30T07:16:28","guid":{"rendered":"http:\/\/www.gerardparisclavel.fr\/bonjour\/?p=594"},"modified":"2022-03-04T13:44:51","modified_gmt":"2022-03-04T12:44:51","slug":"un-vaccins-pour-tous-contre-le-covid","status":"publish","type":"post","link":"http:\/\/www.gerardparisclavel.fr\/bonjour\/?p=594","title":{"rendered":"Un vaccins pour tous contre le covid"},"content":{"rendered":"\n<h2><img loading=\"lazy\" class=\"alignnone wp-image-296\" src=\"http:\/\/www.gerardparisclavel.fr\/bonjour\/wp-content\/uploads\/2021\/03\/cropped-poste-sante\u0301-1.png\" alt=\"\" width=\"800\" height=\"329\"><\/h2>\n\n\n<p>Signez la p\u00e9tition d\u2019initiative citoyenne europ\u00e9enne <a href=\"https:\/\/noprofitonpandemic.eu\/fr\/\">ici<\/a><\/p>\n<p><a href=\"https:\/\/www.youtube.com\/watch?v=y5_CGAUhY_w\">l\u2019Appel de Paris<\/a> pour d\u00e9fendre le bien commun de la production des vaccins<\/p>\n<p>Brevets sur les vaccins anti-covid, stop. <a href=\"https:\/\/www.wesign.it\/fr\/sante\/brevets-sur-les-vaccins-anti-covid-stop-requisition\">R\u00e9quisition ! <\/a><\/p>\n<p><img loading=\"lazy\" class=\"alignnone size-full wp-image-593 aligncenter\" src=\"http:\/\/www.gerardparisclavel.fr\/bonjour\/wp-content\/uploads\/2021\/03\/A6-coordination-sante\u0301-6.jpg\" alt=\"\" width=\"880\" height=\"629\" srcset=\"http:\/\/www.gerardparisclavel.fr\/bonjour\/wp-content\/uploads\/2021\/03\/A6-coordination-sante\u0301-6.jpg 880w, http:\/\/www.gerardparisclavel.fr\/bonjour\/wp-content\/uploads\/2021\/03\/A6-coordination-sante\u0301-6-300x214.jpg 300w, http:\/\/www.gerardparisclavel.fr\/bonjour\/wp-content\/uploads\/2021\/03\/A6-coordination-sante\u0301-6-768x549.jpg 768w\" sizes=\"(max-width: 880px) 100vw, 880px\" \/><\/p>\n<p><\/p>\n<p><img loading=\"lazy\" class=\"alignnone size-full wp-image-592\" src=\"http:\/\/www.gerardparisclavel.fr\/bonjour\/wp-content\/uploads\/2021\/03\/A6-coordination-sante\u0301-5.jpg\" alt=\"\" width=\"874\" height=\"628\" srcset=\"http:\/\/www.gerardparisclavel.fr\/bonjour\/wp-content\/uploads\/2021\/03\/A6-coordination-sante\u0301-5.jpg 874w, http:\/\/www.gerardparisclavel.fr\/bonjour\/wp-content\/uploads\/2021\/03\/A6-coordination-sante\u0301-5-300x216.jpg 300w, http:\/\/www.gerardparisclavel.fr\/bonjour\/wp-content\/uploads\/2021\/03\/A6-coordination-sante\u0301-5-768x552.jpg 768w\" sizes=\"(max-width: 874px) 100vw, 874px\" \/><\/p>\n<p><\/p>\n<p>Images produites et diffus\u00e9es par le <a href=\"http:\/\/(http:\/\/coordination-defense-sante.org\/2021\/01\/ivry-sur-seine-le-comite-ivryen-pour-la-sante-et-lhopital-public-affiche-ses-opinions\/\">Comit\u00e9 ivryen pour la Sant\u00e9 et l\u2019H\u00f4pital public <\/a><\/p>\n<p><img loading=\"lazy\" class=\"alignnone size-full wp-image-591\" src=\"http:\/\/www.gerardparisclavel.fr\/bonjour\/wp-content\/uploads\/2021\/03\/A6-coordination-sante\u0301-4.jpg\" alt=\"\" width=\"625\" height=\"879\" srcset=\"http:\/\/www.gerardparisclavel.fr\/bonjour\/wp-content\/uploads\/2021\/03\/A6-coordination-sante\u0301-4.jpg 625w, http:\/\/www.gerardparisclavel.fr\/bonjour\/wp-content\/uploads\/2021\/03\/A6-coordination-sante\u0301-4-213x300.jpg 213w\" sizes=\"(max-width: 625px) 100vw, 625px\" \/><\/p>\n<p><img loading=\"lazy\" class=\"alignnone wp-image-600\" src=\"http:\/\/www.gerardparisclavel.fr\/bonjour\/wp-content\/uploads\/2021\/03\/urgence2.png\" alt=\"\" width=\"577\" height=\"363\" srcset=\"http:\/\/www.gerardparisclavel.fr\/bonjour\/wp-content\/uploads\/2021\/03\/urgence2.png 493w, http:\/\/www.gerardparisclavel.fr\/bonjour\/wp-content\/uploads\/2021\/03\/urgence2-300x189.png 300w\" sizes=\"(max-width: 577px) 100vw, 577px\" \/><\/p>\n<h2><a href=\"http:\/\/gerardparisclavel.fr\/viveleservicepublicA4.pdf\"><strong>Occupez vos fen\u00eatres<\/strong><\/a><\/h2>\n<p><img loading=\"lazy\" class=\"alignnone wp-image-589\" src=\"http:\/\/www.gerardparisclavel.fr\/bonjour\/wp-content\/uploads\/2021\/03\/A6-coordination-sante\u0301-2.jpg\" alt=\"\" width=\"259\" height=\"365\" srcset=\"http:\/\/www.gerardparisclavel.fr\/bonjour\/wp-content\/uploads\/2021\/03\/A6-coordination-sante\u0301-2.jpg 623w, http:\/\/www.gerardparisclavel.fr\/bonjour\/wp-content\/uploads\/2021\/03\/A6-coordination-sante\u0301-2-213x300.jpg 213w\" sizes=\"(max-width: 259px) 100vw, 259px\" \/> &nbsp; &nbsp; &nbsp;&nbsp;<img loading=\"lazy\" class=\"alignnone wp-image-596\" src=\"http:\/\/www.gerardparisclavel.fr\/bonjour\/wp-content\/uploads\/2021\/03\/IMG_5292.jpg\" alt=\"\" width=\"311\" height=\"415\" srcset=\"http:\/\/www.gerardparisclavel.fr\/bonjour\/wp-content\/uploads\/2021\/03\/IMG_5292.jpg 480w, http:\/\/www.gerardparisclavel.fr\/bonjour\/wp-content\/uploads\/2021\/03\/IMG_5292-225x300.jpg 225w\" sizes=\"(max-width: 311px) 100vw, 311px\" \/><\/p>","protected":false},"excerpt":{"rendered":"<p>Signez la p\u00e9tition d\u2019initiative citoyenne europ\u00e9enne ici l\u2019Appel de Paris pour d\u00e9fendre le bien commun de la production des vaccins Brevets sur les vaccins anti-covid, stop. R\u00e9quisition ! Images produites et diffus\u00e9es par le Comit\u00e9 ivryen pour la Sant\u00e9 et &hellip; <a href=\"http:\/\/www.gerardparisclavel.fr\/bonjour\/?p=594\">Continuer la lecture <span class=\"meta-nav\">&rarr;<\/span><\/a><\/p>\n","protected":false},"author":1,"featured_media":0,"comment_status":"open","ping_status":"open","sticky":false,"template":"","format":"standard","meta":[],"categories":[3],"tags":[],"_links":{"self":[{"href":"http:\/\/www.gerardparisclavel.fr\/bonjour\/index.php?rest_route=\/wp\/v2\/posts\/594"}],"collection":[{"href":"http:\/\/www.gerardparisclavel.fr\/bonjour\/index.php?rest_route=\/wp\/v2\/posts"}],"about":[{"href":"http:\/\/www.gerardparisclavel.fr\/bonjour\/index.php?rest_route=\/wp\/v2\/types\/post"}],"author":[{"embeddable":true,"href":"http:\/\/www.gerardparisclavel.fr\/bonjour\/index.php?rest_route=\/wp\/v2\/users\/1"}],"replies":[{"embeddable":true,"href":"http:\/\/www.gerardparisclavel.fr\/bonjour\/index.php?rest_route=%2Fwp%2Fv2%2Fcomments&post=594"}],"version-history":[{"count":10,"href":"http:\/\/www.gerardparisclavel.fr\/bonjour\/index.php?rest_route=\/wp\/v2\/posts\/594\/revisions"}],"predecessor-version":[{"id":771,"href":"http:\/\/www.gerardparisclavel.fr\/bonjour\/index.php?rest_route=\/wp\/v2\/posts\/594\/revisions\/771"}],"wp:attachment":[{"href":"http:\/\/www.gerardparisclavel.fr\/bonjour\/index.php?rest_route=%2Fwp%2Fv2%2Fmedia&parent=594"}],"wp:term":[{"taxonomy":"category","embeddable":true,"href":"http:\/\/www.gerardparisclavel.fr\/bonjour\/index.php?rest_route=%2Fwp%2Fv2%2Fcategories&post=594"},{"taxonomy":"post_tag","embeddable":true,"href":"http:\/\/www.gerardparisclavel.fr\/bonjour\/index.php?rest_route=%2Fwp%2Fv2%2Ftags&post=594"}],"curies":[{"name":"wp","href":"https:\/\/api.w.org\/{rel}","templated":true}]}}