{"id":509,"date":"2018-12-04T14:01:28","date_gmt":"2018-12-04T13:01:28","guid":{"rendered":"http:\/\/www.gerardparisclavel.fr\/bonjour\/?p=509"},"modified":"2021-03-15T15:52:19","modified_gmt":"2021-03-15T14:52:19","slug":"mannifestaton-des-chomeurs","status":"publish","type":"post","link":"http:\/\/www.gerardparisclavel.fr\/bonjour\/?p=509","title":{"rendered":"Manifestation des ch\u00f4meurs"},"content":{"rendered":"<p><img loading=\"lazy\" class=\"alignnone wp-image-296\" src=\"http:\/\/www.gerardparisclavel.fr\/bonjour\/wp-content\/uploads\/2018\/12\/cropped-APEIS.jpg\" alt=\"\" width=\"800\" height=\"329\" \/><\/p>\n<h2>Contre le ch\u00f4mage et les pr\u00e9carit\u00e9s<br \/>\nPour l\u2019indemnisation de toutes les formes de ch\u00f4mage<\/h2>\n<h3>La p\u00e9riode est marqu\u00e9e par la volont\u00e9 de Macron et de Penicaud d\u2019attaquer les droits des ch\u00f4meurs, alors que la situation est d\u2019ores et d\u00e9j\u00e0 intenable pour des millions d\u2019entre nous. En pleine ren\u00e9gociation de l\u2019assurance-ch\u00f4mage qui doit selon le gouvernement \u00eatre boucl\u00e9e fin janvier, quelques r\u00e9unions des partenaires sociaux sont pr\u00e9vues comme un marathon vers une catastrophe sociale annonc\u00e9e.<br \/>\nL\u2019assurance ch\u00f4mage est aujourd\u2019hui financ\u00e9e par les cotisations sociales, salariales et employeurs ; Macron propose de la financer par l\u2019imp\u00f4t et cela change tout en termes de droits ouverts puisqu\u2019on passerait d\u2019un droit assurantiel \u00e0 allocation \u00e0 un minima social sans droit. Ce qui permettra, et ne doutons pas que cela arrivera vite, d\u2019en faire une aide sociale prenant en compte les revenus du m\u00e9nage, nous privant ainsi un peu plus de droits et de protections et ouvrira la possibilit\u00e9 aux assurances priv\u00e9es de proposer une couverture du \u00ab risque ch\u00f4mage \u00bb aux plus fortun\u00e9s des salari\u00e9s.<\/h3>\n<p><img loading=\"lazy\" class=\"alignnone size-large wp-image-511\" src=\"http:\/\/www.gerardparisclavel.fr\/bonjour\/wp-content\/uploads\/2018\/12\/DSC_0911.jpg\" alt=\"\" width=\"640\" height=\"427\" srcset=\"http:\/\/www.gerardparisclavel.fr\/bonjour\/wp-content\/uploads\/2018\/12\/DSC_0911.jpg 1000w, http:\/\/www.gerardparisclavel.fr\/bonjour\/wp-content\/uploads\/2018\/12\/DSC_0911-300x200.jpg 300w, http:\/\/www.gerardparisclavel.fr\/bonjour\/wp-content\/uploads\/2018\/12\/DSC_0911-768x512.jpg 768w\" sizes=\"(max-width: 640px) 100vw, 640px\" \/><\/p>\n<p><img loading=\"lazy\" class=\"alignnone size-large wp-image-512\" src=\"http:\/\/www.gerardparisclavel.fr\/bonjour\/wp-content\/uploads\/2018\/12\/DSC_0931.jpg\" alt=\"\" width=\"640\" height=\"427\" srcset=\"http:\/\/www.gerardparisclavel.fr\/bonjour\/wp-content\/uploads\/2018\/12\/DSC_0931.jpg 1000w, http:\/\/www.gerardparisclavel.fr\/bonjour\/wp-content\/uploads\/2018\/12\/DSC_0931-300x200.jpg 300w, http:\/\/www.gerardparisclavel.fr\/bonjour\/wp-content\/uploads\/2018\/12\/DSC_0931-768x512.jpg 768w\" sizes=\"(max-width: 640px) 100vw, 640px\" \/><\/p>\n<p><img loading=\"lazy\" class=\"alignnone size-full wp-image-513\" src=\"http:\/\/www.gerardparisclavel.fr\/bonjour\/wp-content\/uploads\/2018\/12\/DSC_1057.jpg\" alt=\"\" width=\"1000\" height=\"667\" srcset=\"http:\/\/www.gerardparisclavel.fr\/bonjour\/wp-content\/uploads\/2018\/12\/DSC_1057.jpg 1000w, http:\/\/www.gerardparisclavel.fr\/bonjour\/wp-content\/uploads\/2018\/12\/DSC_1057-300x200.jpg 300w, http:\/\/www.gerardparisclavel.fr\/bonjour\/wp-content\/uploads\/2018\/12\/DSC_1057-768x512.jpg 768w\" sizes=\"(max-width: 1000px) 100vw, 1000px\" \/><\/p>\n<p><img loading=\"lazy\" class=\"alignnone size-full wp-image-526\" src=\"http:\/\/www.gerardparisclavel.fr\/bonjour\/wp-content\/uploads\/2018\/12\/TL-humanite.jpg\" alt=\"\" width=\"1000\" height=\"499\" srcset=\"http:\/\/www.gerardparisclavel.fr\/bonjour\/wp-content\/uploads\/2018\/12\/TL-humanite.jpg 1000w, http:\/\/www.gerardparisclavel.fr\/bonjour\/wp-content\/uploads\/2018\/12\/TL-humanite-300x150.jpg 300w, http:\/\/www.gerardparisclavel.fr\/bonjour\/wp-content\/uploads\/2018\/12\/TL-humanite-768x383.jpg 768w\" sizes=\"(max-width: 1000px) 100vw, 1000px\" \/><\/p>\n<p><a href=\"https:\/\/paris.demosphere.net\/rv\/65865\">https:\/\/paris.demosphere.net\/rv\/65865<\/a><\/p>\n<p><a href=\"https:\/\/www.apeis.org\/\">https:\/\/www.apeis.org\/<\/a><\/p>\n<p><iframe loading=\"lazy\" title=\"\u00abLa violence est du c\u00f4t\u00e9 du gouvernement\u00bb, d\u00e9clare Philippe Villechalane\" width=\"640\" height=\"360\" src=\"https:\/\/www.youtube.com\/embed\/yrJS8rQrJow?feature=oembed\" frameborder=\"0\" allow=\"accelerometer; autoplay; clipboard-write; encrypted-media; gyroscope; picture-in-picture\" allowfullscreen><\/iframe><\/p>\n","protected":false},"excerpt":{"rendered":"<p>Contre le ch\u00f4mage et les pr\u00e9carit\u00e9s Pour l\u2019indemnisation de toutes les formes de ch\u00f4mage La p\u00e9riode est marqu\u00e9e par la volont\u00e9 de Macron et de Penicaud d\u2019attaquer les droits des ch\u00f4meurs, alors que la situation est d\u2019ores et d\u00e9j\u00e0 intenable &hellip; <a href=\"http:\/\/www.gerardparisclavel.fr\/bonjour\/?p=509\">Continuer la lecture <span class=\"meta-nav\">&rarr;<\/span><\/a><\/p>\n","protected":false},"author":1,"featured_media":0,"comment_status":"open","ping_status":"open","sticky":false,"template":"","format":"standard","meta":[],"categories":[3],"tags":[],"_links":{"self":[{"href":"http:\/\/www.gerardparisclavel.fr\/bonjour\/index.php?rest_route=\/wp\/v2\/posts\/509"}],"collection":[{"href":"http:\/\/www.gerardparisclavel.fr\/bonjour\/index.php?rest_route=\/wp\/v2\/posts"}],"about":[{"href":"http:\/\/www.gerardparisclavel.fr\/bonjour\/index.php?rest_route=\/wp\/v2\/types\/post"}],"author":[{"embeddable":true,"href":"http:\/\/www.gerardparisclavel.fr\/bonjour\/index.php?rest_route=\/wp\/v2\/users\/1"}],"replies":[{"embeddable":true,"href":"http:\/\/www.gerardparisclavel.fr\/bonjour\/index.php?rest_route=%2Fwp%2Fv2%2Fcomments&post=509"}],"version-history":[{"count":6,"href":"http:\/\/www.gerardparisclavel.fr\/bonjour\/index.php?rest_route=\/wp\/v2\/posts\/509\/revisions"}],"predecessor-version":[{"id":558,"href":"http:\/\/www.gerardparisclavel.fr\/bonjour\/index.php?rest_route=\/wp\/v2\/posts\/509\/revisions\/558"}],"wp:attachment":[{"href":"http:\/\/www.gerardparisclavel.fr\/bonjour\/index.php?rest_route=%2Fwp%2Fv2%2Fmedia&parent=509"}],"wp:term":[{"taxonomy":"category","embeddable":true,"href":"http:\/\/www.gerardparisclavel.fr\/bonjour\/index.php?rest_route=%2Fwp%2Fv2%2Fcategories&post=509"},{"taxonomy":"post_tag","embeddable":true,"href":"http:\/\/www.gerardparisclavel.fr\/bonjour\/index.php?rest_route=%2Fwp%2Fv2%2Ftags&post=509"}],"curies":[{"name":"wp","href":"https:\/\/api.w.org\/{rel}","templated":true}]}}