{"id":503,"date":"2018-12-04T13:12:11","date_gmt":"2018-12-04T12:12:11","guid":{"rendered":"http:\/\/www.gerardparisclavel.fr\/bonjour\/?p=503"},"modified":"2018-12-21T16:31:19","modified_gmt":"2018-12-21T15:31:19","slug":"festival-resistance-de-clamecy","status":"publish","type":"post","link":"http:\/\/www.gerardparisclavel.fr\/bonjour\/?p=503","title":{"rendered":"Festival r\u00e9sistance de Clamecy"},"content":{"rendered":"<p><img loading=\"lazy\" class=\"alignnone wp-image-296\" src=\"http:\/\/www.gerardparisclavel.fr\/bonjour\/wp-content\/uploads\/2018\/12\/blocClamecy.jpg\" alt=\"\" width=\"800\" height=\"329\" \/><\/p>\n<h2>Exposition Graphisme et engagement<\/h2>\n<h3>Caves du Centre culturel Romain Rolland<\/h3>\n<p><a href=\"http:\/\/www.gerardparisclavel.fr\/bonjour\/wp-content\/uploads\/2018\/12\/EXPO-clamecy.pdf\">Photographies de l\u2019exposition<\/a><\/p>\n<p><a href=\"http:\/\/www.resistances-clamecy.com\/resistances\/Accueil.html\">http:\/\/www.resistances-clamecy.com\/resistances\/Accueil.html<\/a><\/p>\n<div id=\"fb-root\"><\/div>\n<p><script>(function(d, s, id) {  var js, fjs = d.getElementsByTagName(s)[0];  if (d.getElementById(id)) return;  js = d.createElement(s); js.id = id;  js.src = 'https:\/\/connect.facebook.net\/fr_FR\/sdk.js#xfbml=1&version=v3.2';  fjs.parentNode.insertBefore(js, fjs);}(document, 'script', 'facebook-jssdk'));<\/script><\/p>\n<div class=\"fb-post\" data-href=\"https:\/\/www.facebook.com\/media\/set\/?set=ms.c.eJxFkMsNxEAIQzta8TXj~%3BhtbDQnkwuEJg20TB9xgLGMe~%3B1mDjLjARV~%3BgUBfY0fOCkAZVA1ISTojUC~_50woUDTC8wztHQ3hDOhh5pidsc9XO~%3BINaHRPuoXEleQMaCzgL4StjhHJsl7heNtZ7WX2yto7NYDPDMeyMom6UBbEFI~_3BuQXgKGh9wvRLTcRpElxwjyTq9gVrJA75Oq~_NTJj6krWfNRh7CmbSNr13hwbZ~_nk6pf2KeZuc~-.bps.a.2036631573063022&amp;type=1&amp;__tn__=HH-R\" data-width=\"640\">\n<blockquote cite=\"https:\/\/www.facebook.com\/media\/set\/?set=a.2036631573063022&amp;type=3\" class=\"fb-xfbml-parse-ignore\">\n<p>avec le graphiste social G\u00e9rard Paris-Clavel.Cette expo est visible aux caves du Centre culturel Romain Rolland, 2 rue&#8230;<\/p>\n<p>Publi\u00e9e par <a href=\"https:\/\/www.facebook.com\/festivalresistanceclamecy\/\">Festival R\u00e9sistance Clamecy<\/a> sur&nbsp;<a href=\"https:\/\/www.facebook.com\/media\/set\/?set=a.2036631573063022&amp;type=3\">Dimanche 2 d\u00e9cembre 2018<\/a><\/p><\/blockquote>\n<\/div>\n<p><a href=\"https:\/\/www.lejdc.fr\/clamecy\/2018\/12\/02\/gerard-paris-clavel-artiste-et-militant_13070884.html\">https:\/\/www.lejdc.fr\/clamecy\/2018\/12\/02\/gerard-paris-clavel-artiste-et-militant_13070884.html<\/a><\/p>\n","protected":false},"excerpt":{"rendered":"<p>Exposition Graphisme et engagement Caves du Centre culturel Romain Rolland Photographies de l\u2019exposition http:\/\/www.resistances-clamecy.com\/resistances\/Accueil.html avec le graphiste social G\u00e9rard Paris-Clavel.Cette expo est visible aux caves du Centre culturel Romain Rolland, 2 rue&#8230; Publi\u00e9e par Festival R\u00e9sistance Clamecy sur&nbsp;Dimanche 2 d\u00e9cembre &hellip; <a href=\"http:\/\/www.gerardparisclavel.fr\/bonjour\/?p=503\">Continuer la lecture <span class=\"meta-nav\">&rarr;<\/span><\/a><\/p>\n","protected":false},"author":1,"featured_media":0,"comment_status":"open","ping_status":"open","sticky":false,"template":"","format":"standard","meta":[],"categories":[2],"tags":[],"_links":{"self":[{"href":"http:\/\/www.gerardparisclavel.fr\/bonjour\/index.php?rest_route=\/wp\/v2\/posts\/503"}],"collection":[{"href":"http:\/\/www.gerardparisclavel.fr\/bonjour\/index.php?rest_route=\/wp\/v2\/posts"}],"about":[{"href":"http:\/\/www.gerardparisclavel.fr\/bonjour\/index.php?rest_route=\/wp\/v2\/types\/post"}],"author":[{"embeddable":true,"href":"http:\/\/www.gerardparisclavel.fr\/bonjour\/index.php?rest_route=\/wp\/v2\/users\/1"}],"replies":[{"embeddable":true,"href":"http:\/\/www.gerardparisclavel.fr\/bonjour\/index.php?rest_route=%2Fwp%2Fv2%2Fcomments&post=503"}],"version-history":[{"count":5,"href":"http:\/\/www.gerardparisclavel.fr\/bonjour\/index.php?rest_route=\/wp\/v2\/posts\/503\/revisions"}],"predecessor-version":[{"id":525,"href":"http:\/\/www.gerardparisclavel.fr\/bonjour\/index.php?rest_route=\/wp\/v2\/posts\/503\/revisions\/525"}],"wp:attachment":[{"href":"http:\/\/www.gerardparisclavel.fr\/bonjour\/index.php?rest_route=%2Fwp%2Fv2%2Fmedia&parent=503"}],"wp:term":[{"taxonomy":"category","embeddable":true,"href":"http:\/\/www.gerardparisclavel.fr\/bonjour\/index.php?rest_route=%2Fwp%2Fv2%2Fcategories&post=503"},{"taxonomy":"post_tag","embeddable":true,"href":"http:\/\/www.gerardparisclavel.fr\/bonjour\/index.php?rest_route=%2Fwp%2Fv2%2Ftags&post=503"}],"curies":[{"name":"wp","href":"https:\/\/api.w.org\/{rel}","templated":true}]}}