{"id":50,"date":"2016-02-15T18:48:27","date_gmt":"2016-02-15T17:48:27","guid":{"rendered":"http:\/\/www.gerardparisclavel.fr\/bonjour\/?p=50"},"modified":"2017-04-25T16:27:52","modified_gmt":"2017-04-25T15:27:52","slug":"titre","status":"publish","type":"post","link":"http:\/\/www.gerardparisclavel.fr\/bonjour\/?p=50","title":{"rendered":"\u00c9galit\u00e9 mon \u0153il"},"content":{"rendered":"<p><img src=\"http:\/\/www.gerardparisclavel.fr\/bonjour\/wp-content\/uploads\/2016\/02\/cropped-cropped-Entete-blog-wordpress-150216.jpg\" alt=\"les-medias-veillent\" width=\"800\" style=\"border :1px solid black\" \/><\/p>\n<p><img loading=\"lazy\" class=\"alignnone size-full wp-image-52\" src=\"http:\/\/www.gerardparisclavel.fr\/bonjour\/wp-content\/uploads\/2016\/02\/la-gonfle-retouche-150216-72-dpi.jpg\" alt=\"la-gonfle-retouche-150216-72-dpi\" width=\"637\" height=\"930\" srcset=\"http:\/\/www.gerardparisclavel.fr\/bonjour\/wp-content\/uploads\/2016\/02\/la-gonfle-retouche-150216-72-dpi.jpg 637w, http:\/\/www.gerardparisclavel.fr\/bonjour\/wp-content\/uploads\/2016\/02\/la-gonfle-retouche-150216-72-dpi-205x300.jpg 205w\" sizes=\"(max-width: 637px) 100vw, 637px\" \/><\/p>\n<p>Une image de 1988, du collectif <a href=\"http:\/\/archives.aubervilliers.fr\/Collectif-Grapus\">Grapus<\/a>, faisant partie de l&rsquo;exposition <a href=\"http:\/\/www.pcf.fr\/81803\"><em>\u00c9galit\u00e9 mon \u0153il<\/em> sur les droits des femmes<\/a>, a \u00e9t\u00e9 censur\u00e9e sur Facebook en 2016. Les obscurantistes ont de la suie dans les id\u00e9es, ils avaient d\u00e9j\u00e0 censur\u00e9, via la RATP de l&rsquo;\u00e9poque, cette m\u00eame image. Le texte de protestation \u00e9crit pour Grapus et le Th\u00e9\u00e2tre de Malakoff a \u00e9t\u00e9 publi\u00e9 dans Lib\u00e9 du 10 novembre 1988. Il reste d&rsquo;actualit\u00e9, ce qui est bien d\u00e9plorable mais n\u00e9cessaire. \u00c0 lire ci-dessous (ou en mode texte <a href=\"\/bonjour\/censurelagonfle\/\">ici<\/a>).<\/p>\n<p><strong>VOIR AUSSI<\/strong><br \/>\n<a href=\"http:\/\/www.konbini.com\/fr\/tendances-2\/facebook-censure-seins-nus-pas-propos-racistes\/\"><em>Facebook censure les seins nus mais pas les propos racistes<\/em><\/a> et <a href=\"http:\/\/tempsreel.nouvelobs.com\/les-internets\/20160212.OBS4584\/l-origine-du-monde-facebook-ne-pourra-pas-echapper-aux-juges-francais.html\"><em>\u00ab\u00a0L&rsquo;Origine du Monde\u00a0\u00bb: Facebook ne pourra pas \u00e9chapper aux juges fran\u00e7ais<\/em><\/a>.<\/p>\n<p><img loading=\"lazy\" class=\"alignnone size-full wp-image-51\" src=\"http:\/\/www.gerardparisclavel.fr\/bonjour\/wp-content\/uploads\/2016\/02\/article-pour-blog-allege-150216.jpg\" alt=\"article-pour-blog-allege-150216\" width=\"1397\" height=\"4819\" srcset=\"http:\/\/www.gerardparisclavel.fr\/bonjour\/wp-content\/uploads\/2016\/02\/article-pour-blog-allege-150216.jpg 1397w, http:\/\/www.gerardparisclavel.fr\/bonjour\/wp-content\/uploads\/2016\/02\/article-pour-blog-allege-150216-87x300.jpg 87w, http:\/\/www.gerardparisclavel.fr\/bonjour\/wp-content\/uploads\/2016\/02\/article-pour-blog-allege-150216-768x2649.jpg 768w, http:\/\/www.gerardparisclavel.fr\/bonjour\/wp-content\/uploads\/2016\/02\/article-pour-blog-allege-150216-297x1024.jpg 297w\" sizes=\"(max-width: 1397px) 100vw, 1397px\" \/><\/p>\n","protected":false},"excerpt":{"rendered":"<p>Une image de 1988, du collectif Grapus, faisant partie de l&rsquo;exposition \u00c9galit\u00e9 mon \u0153il sur les droits des femmes, a \u00e9t\u00e9 censur\u00e9e sur Facebook en 2016. Les obscurantistes ont de la suie dans les id\u00e9es, ils avaient d\u00e9j\u00e0 censur\u00e9, via &hellip; <a href=\"http:\/\/www.gerardparisclavel.fr\/bonjour\/?p=50\">Continuer la lecture <span class=\"meta-nav\">&rarr;<\/span><\/a><\/p>\n","protected":false},"author":2,"featured_media":0,"comment_status":"open","ping_status":"open","sticky":false,"template":"","format":"standard","meta":[],"categories":[2],"tags":[],"_links":{"self":[{"href":"http:\/\/www.gerardparisclavel.fr\/bonjour\/index.php?rest_route=\/wp\/v2\/posts\/50"}],"collection":[{"href":"http:\/\/www.gerardparisclavel.fr\/bonjour\/index.php?rest_route=\/wp\/v2\/posts"}],"about":[{"href":"http:\/\/www.gerardparisclavel.fr\/bonjour\/index.php?rest_route=\/wp\/v2\/types\/post"}],"author":[{"embeddable":true,"href":"http:\/\/www.gerardparisclavel.fr\/bonjour\/index.php?rest_route=\/wp\/v2\/users\/2"}],"replies":[{"embeddable":true,"href":"http:\/\/www.gerardparisclavel.fr\/bonjour\/index.php?rest_route=%2Fwp%2Fv2%2Fcomments&post=50"}],"version-history":[{"count":48,"href":"http:\/\/www.gerardparisclavel.fr\/bonjour\/index.php?rest_route=\/wp\/v2\/posts\/50\/revisions"}],"predecessor-version":[{"id":181,"href":"http:\/\/www.gerardparisclavel.fr\/bonjour\/index.php?rest_route=\/wp\/v2\/posts\/50\/revisions\/181"}],"wp:attachment":[{"href":"http:\/\/www.gerardparisclavel.fr\/bonjour\/index.php?rest_route=%2Fwp%2Fv2%2Fmedia&parent=50"}],"wp:term":[{"taxonomy":"category","embeddable":true,"href":"http:\/\/www.gerardparisclavel.fr\/bonjour\/index.php?rest_route=%2Fwp%2Fv2%2Fcategories&post=50"},{"taxonomy":"post_tag","embeddable":true,"href":"http:\/\/www.gerardparisclavel.fr\/bonjour\/index.php?rest_route=%2Fwp%2Fv2%2Ftags&post=50"}],"curies":[{"name":"wp","href":"https:\/\/api.w.org\/{rel}","templated":true}]}}