{"id":494,"date":"2018-12-04T11:43:02","date_gmt":"2018-12-04T10:43:02","guid":{"rendered":"http:\/\/www.gerardparisclavel.fr\/bonjour\/?p=494"},"modified":"2018-12-21T16:30:25","modified_gmt":"2018-12-21T15:30:25","slug":"reve-toi-et-marx","status":"publish","type":"post","link":"http:\/\/www.gerardparisclavel.fr\/bonjour\/?p=494","title":{"rendered":"R\u00eave toi et Marx"},"content":{"rendered":"<p><img loading=\"lazy\" class=\"alignnone wp-image-296\" src=\"http:\/\/www.gerardparisclavel.fr\/bonjour\/wp-content\/uploads\/2018\/12\/Marx-1.jpg\" alt=\"\" width=\"800\" height=\"329\" \/><\/p>\n<h2><strong>\u00abLa conscience du contre ne suffit pas \u00e0 donner<br \/>\nla conscience du pour\u00bb<\/strong><\/h2>\n<h3>Bernard Vasseur <em>Avec Marx penser et agir aujourd\u2019hui<\/em>, \u00e9dit\u00e9 par la F\u00e9d\u00e9ration PCF 93 (5\u20ac fede@93.pcf.fr)<\/h3>\n<p><img loading=\"lazy\" class=\"alignnone size-full wp-image-531\" src=\"http:\/\/www.gerardparisclavel.fr\/bonjour\/wp-content\/uploads\/2018\/12\/ReveToietMarx-RVB.jpg\" alt=\"\" width=\"1000\" height=\"722\" srcset=\"http:\/\/www.gerardparisclavel.fr\/bonjour\/wp-content\/uploads\/2018\/12\/ReveToietMarx-RVB.jpg 1000w, http:\/\/www.gerardparisclavel.fr\/bonjour\/wp-content\/uploads\/2018\/12\/ReveToietMarx-RVB-300x217.jpg 300w, http:\/\/www.gerardparisclavel.fr\/bonjour\/wp-content\/uploads\/2018\/12\/ReveToietMarx-RVB-768x554.jpg 768w\" sizes=\"(max-width: 1000px) 100vw, 1000px\" \/><\/p>\n<p><img loading=\"lazy\" class=\"alignnone size-large wp-image-497\" src=\"http:\/\/www.gerardparisclavel.fr\/bonjour\/wp-content\/uploads\/2018\/12\/P1080667-02-992x1024.jpg\" alt=\"\" width=\"640\" height=\"661\" srcset=\"http:\/\/www.gerardparisclavel.fr\/bonjour\/wp-content\/uploads\/2018\/12\/P1080667-02-992x1024.jpg 992w, http:\/\/www.gerardparisclavel.fr\/bonjour\/wp-content\/uploads\/2018\/12\/P1080667-02-291x300.jpg 291w, http:\/\/www.gerardparisclavel.fr\/bonjour\/wp-content\/uploads\/2018\/12\/P1080667-02-768x793.jpg 768w, http:\/\/www.gerardparisclavel.fr\/bonjour\/wp-content\/uploads\/2018\/12\/P1080667-02.jpg 1000w\" sizes=\"(max-width: 640px) 100vw, 640px\" \/><\/p>\n<p>Diffusion <em>Ne pas plier <\/em>\u00e0 la Manifestation intersyndicale du 9 octobre 2018 \u00e0 Paris contre<br \/>\nla politique sociale du gouvernement<\/p>\n","protected":false},"excerpt":{"rendered":"<p>\u00abLa conscience du contre ne suffit pas \u00e0 donner la conscience du pour\u00bb Bernard Vasseur Avec Marx penser et agir aujourd\u2019hui, \u00e9dit\u00e9 par la F\u00e9d\u00e9ration PCF 93 (5\u20ac fede@93.pcf.fr) Diffusion Ne pas plier \u00e0 la Manifestation intersyndicale du 9 octobre &hellip; <a href=\"http:\/\/www.gerardparisclavel.fr\/bonjour\/?p=494\">Continuer la lecture <span class=\"meta-nav\">&rarr;<\/span><\/a><\/p>\n","protected":false},"author":1,"featured_media":0,"comment_status":"open","ping_status":"open","sticky":false,"template":"","format":"standard","meta":[],"categories":[3],"tags":[],"_links":{"self":[{"href":"http:\/\/www.gerardparisclavel.fr\/bonjour\/index.php?rest_route=\/wp\/v2\/posts\/494"}],"collection":[{"href":"http:\/\/www.gerardparisclavel.fr\/bonjour\/index.php?rest_route=\/wp\/v2\/posts"}],"about":[{"href":"http:\/\/www.gerardparisclavel.fr\/bonjour\/index.php?rest_route=\/wp\/v2\/types\/post"}],"author":[{"embeddable":true,"href":"http:\/\/www.gerardparisclavel.fr\/bonjour\/index.php?rest_route=\/wp\/v2\/users\/1"}],"replies":[{"embeddable":true,"href":"http:\/\/www.gerardparisclavel.fr\/bonjour\/index.php?rest_route=%2Fwp%2Fv2%2Fcomments&post=494"}],"version-history":[{"count":4,"href":"http:\/\/www.gerardparisclavel.fr\/bonjour\/index.php?rest_route=\/wp\/v2\/posts\/494\/revisions"}],"predecessor-version":[{"id":532,"href":"http:\/\/www.gerardparisclavel.fr\/bonjour\/index.php?rest_route=\/wp\/v2\/posts\/494\/revisions\/532"}],"wp:attachment":[{"href":"http:\/\/www.gerardparisclavel.fr\/bonjour\/index.php?rest_route=%2Fwp%2Fv2%2Fmedia&parent=494"}],"wp:term":[{"taxonomy":"category","embeddable":true,"href":"http:\/\/www.gerardparisclavel.fr\/bonjour\/index.php?rest_route=%2Fwp%2Fv2%2Fcategories&post=494"},{"taxonomy":"post_tag","embeddable":true,"href":"http:\/\/www.gerardparisclavel.fr\/bonjour\/index.php?rest_route=%2Fwp%2Fv2%2Ftags&post=494"}],"curies":[{"name":"wp","href":"https:\/\/api.w.org\/{rel}","templated":true}]}}