{"id":453,"date":"2018-06-29T11:10:03","date_gmt":"2018-06-29T10:10:03","guid":{"rendered":"http:\/\/www.gerardparisclavel.fr\/bonjour\/?p=453"},"modified":"2018-12-04T14:07:42","modified_gmt":"2018-12-04T13:07:42","slug":"grapus-a-berlin","status":"publish","type":"post","link":"http:\/\/www.gerardparisclavel.fr\/bonjour\/?p=453","title":{"rendered":"Grapus \u00e0 Berlin"},"content":{"rendered":"<p><img loading=\"lazy\" class=\"alignnone wp-image-296\"  src=\"http:\/\/www.gerardparisclavel.fr\/bonjour\/wp-content\/uploads\/2018\/06\/GrapusBerlin2.jpg\" alt=\"\" width=\"800\" height=\"329\" \/><\/p>\n<div>\n<h1><strong>Grapus s\u2019expose \u00e0 Berlin<br \/>\ndu 5 juillet au 3 octobre 2018<\/strong><\/h1>\n<p><a href=\"https:\/\/www.google.com\/maps?q=Schlo%C3%9Fstra%C3%9Fe+1a,+14059+Berlin,+Allemagne&amp;entry=gmail&amp;source=g\" target=\"_blank\" rel=\"noopener\">Mus\u00e9e Br\u00f6han,<br \/>\nSchlo\u00dfstra\u00dfe 1a, 14059 Berlin, Allemagne<\/a><\/p>\n<\/div>\n<h3>Pour en savoir plus<\/h3>\n<h1><a href=\"http:\/\/www.gerardparisclavel.fr\/pdf\/Grapus-Berlin.pdf\">Photos expo<\/a><\/h1>\n<div><a href=\"http:\/\/www.broehan-museum.de\/wp-content\/uploads\/2018\/06\/180531_flyer_grapus_web_2.pdf\" target=\"_blank\" rel=\"noopener\" data-saferedirecturl=\"https:\/\/www.google.com\/url?hl=fr&amp;q=http:\/\/www.broehan-museum.de\/wp-content\/uploads\/2018\/06\/180531_flyer_grapus_web_2.pdf&amp;source=gmail&amp;ust=1530352405224000&amp;usg=AFQjCNGYSI-oU2-1B5kZWAA4fXIJi95D7w\">http:\/\/www.broehan-museum.de\/<wbr \/>wp-content\/uploads\/2018\/06\/<wbr \/>180531_flyer_grapus_web_2.pdf<\/a><\/div>\n<div><img loading=\"lazy\" class=\"alignnone size-full wp-image-489\" src=\"http:\/\/www.gerardparisclavel.fr\/bonjour\/wp-content\/uploads\/2018\/06\/berlingrapus-blog.jpg\" alt=\"\" width=\"1000\" height=\"750\" srcset=\"http:\/\/www.gerardparisclavel.fr\/bonjour\/wp-content\/uploads\/2018\/06\/berlingrapus-blog.jpg 1000w, http:\/\/www.gerardparisclavel.fr\/bonjour\/wp-content\/uploads\/2018\/06\/berlingrapus-blog-300x225.jpg 300w, http:\/\/www.gerardparisclavel.fr\/bonjour\/wp-content\/uploads\/2018\/06\/berlingrapus-blog-768x576.jpg 768w\" sizes=\"(max-width: 1000px) 100vw, 1000px\" \/><\/div>\n","protected":false},"excerpt":{"rendered":"<p>Grapus s\u2019expose \u00e0 Berlin du 5 juillet au 3 octobre 2018 Mus\u00e9e Br\u00f6han, Schlo\u00dfstra\u00dfe 1a, 14059 Berlin, Allemagne Pour en savoir plus Photos expo http:\/\/www.broehan-museum.de\/wp-content\/uploads\/2018\/06\/180531_flyer_grapus_web_2.pdf<\/p>\n","protected":false},"author":1,"featured_media":0,"comment_status":"open","ping_status":"open","sticky":false,"template":"","format":"standard","meta":[],"categories":[5],"tags":[],"_links":{"self":[{"href":"http:\/\/www.gerardparisclavel.fr\/bonjour\/index.php?rest_route=\/wp\/v2\/posts\/453"}],"collection":[{"href":"http:\/\/www.gerardparisclavel.fr\/bonjour\/index.php?rest_route=\/wp\/v2\/posts"}],"about":[{"href":"http:\/\/www.gerardparisclavel.fr\/bonjour\/index.php?rest_route=\/wp\/v2\/types\/post"}],"author":[{"embeddable":true,"href":"http:\/\/www.gerardparisclavel.fr\/bonjour\/index.php?rest_route=\/wp\/v2\/users\/1"}],"replies":[{"embeddable":true,"href":"http:\/\/www.gerardparisclavel.fr\/bonjour\/index.php?rest_route=%2Fwp%2Fv2%2Fcomments&post=453"}],"version-history":[{"count":8,"href":"http:\/\/www.gerardparisclavel.fr\/bonjour\/index.php?rest_route=\/wp\/v2\/posts\/453\/revisions"}],"predecessor-version":[{"id":522,"href":"http:\/\/www.gerardparisclavel.fr\/bonjour\/index.php?rest_route=\/wp\/v2\/posts\/453\/revisions\/522"}],"wp:attachment":[{"href":"http:\/\/www.gerardparisclavel.fr\/bonjour\/index.php?rest_route=%2Fwp%2Fv2%2Fmedia&parent=453"}],"wp:term":[{"taxonomy":"category","embeddable":true,"href":"http:\/\/www.gerardparisclavel.fr\/bonjour\/index.php?rest_route=%2Fwp%2Fv2%2Fcategories&post=453"},{"taxonomy":"post_tag","embeddable":true,"href":"http:\/\/www.gerardparisclavel.fr\/bonjour\/index.php?rest_route=%2Fwp%2Fv2%2Ftags&post=453"}],"curies":[{"name":"wp","href":"https:\/\/api.w.org\/{rel}","templated":true}]}}