{"id":394,"date":"2017-10-25T18:41:54","date_gmt":"2017-10-25T17:41:54","guid":{"rendered":"http:\/\/www.gerardparisclavel.fr\/bonjour\/?p=394"},"modified":"2021-11-06T16:10:50","modified_gmt":"2021-11-06T15:10:50","slug":"faire-une-bonne-impression","status":"publish","type":"post","link":"http:\/\/www.gerardparisclavel.fr\/bonjour\/?p=394","title":{"rendered":"Faire une bonne impression"},"content":{"rendered":"<h2><strong>Samedi 28 octobre 2017 \u00e0 15h<\/strong><\/h2>\n<p>Les papiers ; ils sont \u00e9pais, souples, granuleux, opaques, transparents, on les touche, on les palpe, on v\u00e9rifie sa main. Ce sont des encres de 4 couleurs (noir, cyan, magenta, jaune) pour faire de la quadrichromie mais aussi des milliers de couleurs \u00e0 choisir sur un nuancier. Ce sont des proc\u00e9d\u00e9s d\u2019impression : des offset, s\u00e9rigraphies, rotatives. Ce sont les m\u00e9tiers de la cha\u00eene graphique o\u00f9 rien des uns ne se fait sans les autres ; il s\u2019agit bien d\u2019une corporation o\u00f9 le mot \u00ab Avec \u00bb s\u2019imprime pleinement.<\/p>\n<p><span style=\"color: #ff0000;\">Avec<\/span> : Joseph Belletante<em>, Mus\u00e9e de l\u2019imprimerie de Lyon<br \/>\n<\/em>Anne-Marie Sauvage<em>, conservatrice BNF<br \/>\n<\/em>Vincent Boy, <em>offsettiste<br \/>\n<\/em>Marc Mellinger,<em> s\u00e9rigraphe<\/em><\/p>\n<p><img loading=\"lazy\" class=\"alignnone size-large wp-image-397\" src=\"http:\/\/www.gerardparisclavel.fr\/bonjour\/wp-content\/uploads\/2017\/10\/P1040975a-1024x625.jpg\" alt=\"\" width=\"640\" height=\"391\" srcset=\"http:\/\/www.gerardparisclavel.fr\/bonjour\/wp-content\/uploads\/2017\/10\/P1040975a-1024x625.jpg 1024w, http:\/\/www.gerardparisclavel.fr\/bonjour\/wp-content\/uploads\/2017\/10\/P1040975a-300x183.jpg 300w, http:\/\/www.gerardparisclavel.fr\/bonjour\/wp-content\/uploads\/2017\/10\/P1040975a-768x469.jpg 768w\" sizes=\"(max-width: 640px) 100vw, 640px\" \/><\/p>\n<p><span style=\"color: #999999;\"><strong>EN REGARD DE L\u2019EXPOSITION: DES ID\u00c9ES \u00c0 GO\u00dbTER<\/strong><\/span><br \/>\n<span style=\"color: #999999;\"> Travailler l\u2019exposition comme un outil. Il s\u2019agit d\u2019accueillir pendant l\u2019exposition \u00e0 la Maison d\u2019Art Bernard Anthonioz, du 7\u00a0septembre au 12\u00a0novembre 2017, diff\u00e9rents acteurs organisant eux-m\u00eames une visite pour y exprimer la singularit\u00e9 de leurs pratiques et de leurs r\u00e9flexions en regard et en correspondance avec les images et messages de G\u00e9rard Paris-Clavel.<\/span><\/p>\n","protected":false},"excerpt":{"rendered":"<p>Samedi 28 octobre 2017 \u00e0 15h Les papiers ; ils sont \u00e9pais, souples, granuleux, opaques, transparents, on les touche, on les palpe, on v\u00e9rifie sa main. Ce sont des encres de 4 couleurs (noir, cyan, magenta, jaune) pour faire de &hellip; <a href=\"http:\/\/www.gerardparisclavel.fr\/bonjour\/?p=394\">Continuer la lecture <span class=\"meta-nav\">&rarr;<\/span><\/a><\/p>\n","protected":false},"author":1,"featured_media":0,"comment_status":"open","ping_status":"open","sticky":false,"template":"","format":"standard","meta":[],"categories":[6],"tags":[],"_links":{"self":[{"href":"http:\/\/www.gerardparisclavel.fr\/bonjour\/index.php?rest_route=\/wp\/v2\/posts\/394"}],"collection":[{"href":"http:\/\/www.gerardparisclavel.fr\/bonjour\/index.php?rest_route=\/wp\/v2\/posts"}],"about":[{"href":"http:\/\/www.gerardparisclavel.fr\/bonjour\/index.php?rest_route=\/wp\/v2\/types\/post"}],"author":[{"embeddable":true,"href":"http:\/\/www.gerardparisclavel.fr\/bonjour\/index.php?rest_route=\/wp\/v2\/users\/1"}],"replies":[{"embeddable":true,"href":"http:\/\/www.gerardparisclavel.fr\/bonjour\/index.php?rest_route=%2Fwp%2Fv2%2Fcomments&post=394"}],"version-history":[{"count":2,"href":"http:\/\/www.gerardparisclavel.fr\/bonjour\/index.php?rest_route=\/wp\/v2\/posts\/394\/revisions"}],"predecessor-version":[{"id":399,"href":"http:\/\/www.gerardparisclavel.fr\/bonjour\/index.php?rest_route=\/wp\/v2\/posts\/394\/revisions\/399"}],"wp:attachment":[{"href":"http:\/\/www.gerardparisclavel.fr\/bonjour\/index.php?rest_route=%2Fwp%2Fv2%2Fmedia&parent=394"}],"wp:term":[{"taxonomy":"category","embeddable":true,"href":"http:\/\/www.gerardparisclavel.fr\/bonjour\/index.php?rest_route=%2Fwp%2Fv2%2Fcategories&post=394"},{"taxonomy":"post_tag","embeddable":true,"href":"http:\/\/www.gerardparisclavel.fr\/bonjour\/index.php?rest_route=%2Fwp%2Fv2%2Ftags&post=394"}],"curies":[{"name":"wp","href":"https:\/\/api.w.org\/{rel}","templated":true}]}}