{"id":372,"date":"2017-10-18T19:23:43","date_gmt":"2017-10-18T18:23:43","guid":{"rendered":"http:\/\/www.gerardparisclavel.fr\/bonjour\/?p=372"},"modified":"2021-11-06T16:10:25","modified_gmt":"2021-11-06T15:10:25","slug":"372","status":"publish","type":"post","link":"http:\/\/www.gerardparisclavel.fr\/bonjour\/?p=372","title":{"rendered":"Artiste, artisan, militant des mots, des images et du temps"},"content":{"rendered":"<h2><span style=\"color: #333333;\"><strong>Samedi 21 octobre 2017 \u00e0 15h<\/strong><\/span><\/h2>\n<p>C\u2019est une question \u00e0 r\u00e9soudre davantage qu\u2019une \u00e9vidence \u00e0 imposer. Faut-il laisser une trace, une marque singuli\u00e8re ? Faut-il \u00eatre au monde ici et maintenant pour y \u00e9veiller les consciences, vivre le partage et \u00e9chafauder les constructions futures ? Comment conjuguer la gratuit\u00e9 de l\u2019art, l\u2019utilit\u00e9 d\u2019une action solidaire et la relation \u00e0 la commande ? Comment \u00eatre \u00e0 la fois savoir et saveur, corps physique et corps social, diff\u00e9rent et semblable ?<br \/>\nFran\u00e7ois Barr\u00e9<em>, <\/em><em>commissaire de l\u2019exposition<\/em><\/p>\n<p>\u00ab Ne pas ajouter aux signes de la mis\u00e8re, la mis\u00e8re des signes \u00bb. Cette formule cr\u00e9\u00e9e par l\u2019Association Ne Pas Plier dit d\u2019embl\u00e9e la conception du m\u00e9tier de graphiste et son engagement dans un art o\u00f9 la qualit\u00e9 des formes prend tout son sens social et politique. L\u2019art du graphiste est ins\u00e9parable d\u2019une adresse \u00e0 tout autre et particuli\u00e8rement \u00e0 tous ceux \u00e0 qui personne ne s\u2019adresse et qui souvent n\u2019ont pas d\u2019adresse.<br \/>\nL\u2019espace public devient alors le lieu de gestes radicaux et joyeux qui inventent les signes dont chacun peut s\u2019emparer pour exercer sa propre libert\u00e9. Cet espace est le site exemplaire de l\u2019art con\u00e7u comme service public ; il est le lieu o\u00f9 la culture est \u00e0 la fois intelligence des formes et partage des \u00e9motions collectives. L\u2019art du graphiste comme tout art op\u00e8re d\u00e8s lors le nouage du po\u00e9tique avec la vie politique. O\u00f9 en sommes-nous aujourd\u2019hui quand les protocoles de la communication semblent engloutir ensemble les joies du partage et les \u00e9nergies transformatrices ?<br \/>\nMarie-Jos\u00e9 Mondzain, <em>philosophe<\/em><\/p>\n<p><img loading=\"lazy\" class=\"alignnone size-large wp-image-389\" src=\"http:\/\/www.gerardparisclavel.fr\/bonjour\/wp-content\/uploads\/2017\/10\/P1040611-1024x720.jpg\" alt=\"\" width=\"640\" height=\"450\" srcset=\"http:\/\/www.gerardparisclavel.fr\/bonjour\/wp-content\/uploads\/2017\/10\/P1040611-1024x720.jpg 1024w, http:\/\/www.gerardparisclavel.fr\/bonjour\/wp-content\/uploads\/2017\/10\/P1040611-300x211.jpg 300w, http:\/\/www.gerardparisclavel.fr\/bonjour\/wp-content\/uploads\/2017\/10\/P1040611-768x540.jpg 768w\" sizes=\"(max-width: 640px) 100vw, 640px\" \/><\/p>\n<p><span style=\"color: #999999;\"><strong>EN REGARD DE L\u2019EXPOSITION: DES ID\u00c9ES \u00c0 GO\u00dbTER<\/strong><\/span><br \/>\n<span style=\"color: #999999;\"> Travailler l\u2019exposition comme un outil. Il s\u2019agit d\u2019accueillir pendant l\u2019exposition \u00e0 la Maison d\u2019Art Bernard Anthonioz, du 7\u00a0septembre au 12\u00a0novembre 2017, diff\u00e9rents acteurs organisant eux-m\u00eames une visite pour y exprimer la singularit\u00e9 de leurs pratiques et de leurs r\u00e9flexions en regard et en correspondance avec les images et messages de G\u00e9rard Paris-Clavel.<\/span><\/p>\n","protected":false},"excerpt":{"rendered":"<p>Samedi 21 octobre 2017 \u00e0 15h C\u2019est une question \u00e0 r\u00e9soudre davantage qu\u2019une \u00e9vidence \u00e0 imposer. Faut-il laisser une trace, une marque singuli\u00e8re ? Faut-il \u00eatre au monde ici et maintenant pour y \u00e9veiller les consciences, vivre le partage et &hellip; <a href=\"http:\/\/www.gerardparisclavel.fr\/bonjour\/?p=372\">Continuer la lecture <span class=\"meta-nav\">&rarr;<\/span><\/a><\/p>\n","protected":false},"author":1,"featured_media":0,"comment_status":"open","ping_status":"open","sticky":false,"template":"","format":"standard","meta":[],"categories":[6],"tags":[],"_links":{"self":[{"href":"http:\/\/www.gerardparisclavel.fr\/bonjour\/index.php?rest_route=\/wp\/v2\/posts\/372"}],"collection":[{"href":"http:\/\/www.gerardparisclavel.fr\/bonjour\/index.php?rest_route=\/wp\/v2\/posts"}],"about":[{"href":"http:\/\/www.gerardparisclavel.fr\/bonjour\/index.php?rest_route=\/wp\/v2\/types\/post"}],"author":[{"embeddable":true,"href":"http:\/\/www.gerardparisclavel.fr\/bonjour\/index.php?rest_route=\/wp\/v2\/users\/1"}],"replies":[{"embeddable":true,"href":"http:\/\/www.gerardparisclavel.fr\/bonjour\/index.php?rest_route=%2Fwp%2Fv2%2Fcomments&post=372"}],"version-history":[{"count":7,"href":"http:\/\/www.gerardparisclavel.fr\/bonjour\/index.php?rest_route=\/wp\/v2\/posts\/372\/revisions"}],"predecessor-version":[{"id":390,"href":"http:\/\/www.gerardparisclavel.fr\/bonjour\/index.php?rest_route=\/wp\/v2\/posts\/372\/revisions\/390"}],"wp:attachment":[{"href":"http:\/\/www.gerardparisclavel.fr\/bonjour\/index.php?rest_route=%2Fwp%2Fv2%2Fmedia&parent=372"}],"wp:term":[{"taxonomy":"category","embeddable":true,"href":"http:\/\/www.gerardparisclavel.fr\/bonjour\/index.php?rest_route=%2Fwp%2Fv2%2Fcategories&post=372"},{"taxonomy":"post_tag","embeddable":true,"href":"http:\/\/www.gerardparisclavel.fr\/bonjour\/index.php?rest_route=%2Fwp%2Fv2%2Ftags&post=372"}],"curies":[{"name":"wp","href":"https:\/\/api.w.org\/{rel}","templated":true}]}}