{"id":359,"date":"2017-10-14T18:49:33","date_gmt":"2017-10-14T17:49:33","guid":{"rendered":"http:\/\/www.gerardparisclavel.fr\/bonjour\/?p=359"},"modified":"2021-11-06T16:10:10","modified_gmt":"2021-11-06T15:10:10","slug":"les-conditions-de-la-commande","status":"publish","type":"post","link":"http:\/\/www.gerardparisclavel.fr\/bonjour\/?p=359","title":{"rendered":"Les conditions de la commande ?"},"content":{"rendered":"<h2><strong>Mercredi 18 octobre 2017 \u00e0 15h<\/strong><\/h2>\n<p>Quelle relation existe aujourd\u2019hui entre un commanditaire et un plasticien ? Les interlocuteurs sont devenus des professionnels de la communication et l\u2019auteur d\u2019images devient peu \u00e0 peu un prestataire aux ordres. La confiance mutuelle n\u00e9cessaire \u00e0 l\u2019\u00e9laboration et \u00e0 la mise en oeuvre de projets exigeants est remplac\u00e9e par le filtre des appels d\u2019offre et des grilles d\u2019\u00e9valuations administratives. La standardisation des approches g\u00e9n\u00e8re la standardisation des formes et \u00e9dulcore les propos. La commande est devenu, par ce glissement hi\u00e9rarchique, un commandement.<\/p>\n<p><span style=\"color: #ff0000;\"><strong>Avec<\/strong><\/span> Olivier Brillanceau<em>, directeur de la <a href=\"https:\/\/www.saif.fr\/\">SAIF<\/a><\/em><em><br \/>\n<\/em>Pierre Gar\u00e7on<em>, co-secr\u00e9taire g\u00e9n\u00e9ral du <a href=\"http:\/\/www.snapcgt.org\/\">SNAP \u2013 CGT<\/a><\/em><\/p>\n<p><img loading=\"lazy\" class=\"alignnone size-large wp-image-370\" src=\"http:\/\/www.gerardparisclavel.fr\/bonjour\/wp-content\/uploads\/2017\/10\/P1040492-1024x589.jpg\" alt=\"\" width=\"640\" height=\"368\" srcset=\"http:\/\/www.gerardparisclavel.fr\/bonjour\/wp-content\/uploads\/2017\/10\/P1040492-1024x589.jpg 1024w, http:\/\/www.gerardparisclavel.fr\/bonjour\/wp-content\/uploads\/2017\/10\/P1040492-300x173.jpg 300w, http:\/\/www.gerardparisclavel.fr\/bonjour\/wp-content\/uploads\/2017\/10\/P1040492-768x442.jpg 768w\" sizes=\"(max-width: 640px) 100vw, 640px\" \/><\/p>\n<p><span style=\"color: #999999;\"><strong>EN REGARD DE L\u2019EXPOSITION: DES ID\u00c9ES \u00c0 GO\u00dbTER<\/strong><\/span><br \/>\n<span style=\"color: #999999;\"> Travailler l\u2019exposition comme un outil. Il s\u2019agit d\u2019accueillir pendant l\u2019exposition \u00e0 la Maison d\u2019Art\u00a0 Bernard Anthonioz, du 7\u00a0septembre au 12\u00a0novembre 2017, diff\u00e9rents acteurs organisant eux-m\u00eames une visite pour y exprimer la singularit\u00e9 de leurs pratiques et de leurs r\u00e9flexions en regard et en correspondance avec les images et messages de G\u00e9rard Paris-Clavel.<\/span><\/p>\n","protected":false},"excerpt":{"rendered":"<p>Mercredi 18 octobre 2017 \u00e0 15h Quelle relation existe aujourd\u2019hui entre un commanditaire et un plasticien ? Les interlocuteurs sont devenus des professionnels de la communication et l\u2019auteur d\u2019images devient peu \u00e0 peu un prestataire aux ordres. La confiance mutuelle &hellip; <a href=\"http:\/\/www.gerardparisclavel.fr\/bonjour\/?p=359\">Continuer la lecture <span class=\"meta-nav\">&rarr;<\/span><\/a><\/p>\n","protected":false},"author":1,"featured_media":0,"comment_status":"open","ping_status":"open","sticky":false,"template":"","format":"standard","meta":[],"categories":[6],"tags":[],"_links":{"self":[{"href":"http:\/\/www.gerardparisclavel.fr\/bonjour\/index.php?rest_route=\/wp\/v2\/posts\/359"}],"collection":[{"href":"http:\/\/www.gerardparisclavel.fr\/bonjour\/index.php?rest_route=\/wp\/v2\/posts"}],"about":[{"href":"http:\/\/www.gerardparisclavel.fr\/bonjour\/index.php?rest_route=\/wp\/v2\/types\/post"}],"author":[{"embeddable":true,"href":"http:\/\/www.gerardparisclavel.fr\/bonjour\/index.php?rest_route=\/wp\/v2\/users\/1"}],"replies":[{"embeddable":true,"href":"http:\/\/www.gerardparisclavel.fr\/bonjour\/index.php?rest_route=%2Fwp%2Fv2%2Fcomments&post=359"}],"version-history":[{"count":4,"href":"http:\/\/www.gerardparisclavel.fr\/bonjour\/index.php?rest_route=\/wp\/v2\/posts\/359\/revisions"}],"predecessor-version":[{"id":371,"href":"http:\/\/www.gerardparisclavel.fr\/bonjour\/index.php?rest_route=\/wp\/v2\/posts\/359\/revisions\/371"}],"wp:attachment":[{"href":"http:\/\/www.gerardparisclavel.fr\/bonjour\/index.php?rest_route=%2Fwp%2Fv2%2Fmedia&parent=359"}],"wp:term":[{"taxonomy":"category","embeddable":true,"href":"http:\/\/www.gerardparisclavel.fr\/bonjour\/index.php?rest_route=%2Fwp%2Fv2%2Fcategories&post=359"},{"taxonomy":"post_tag","embeddable":true,"href":"http:\/\/www.gerardparisclavel.fr\/bonjour\/index.php?rest_route=%2Fwp%2Fv2%2Ftags&post=359"}],"curies":[{"name":"wp","href":"https:\/\/api.w.org\/{rel}","templated":true}]}}