{"id":347,"date":"2017-10-08T07:56:18","date_gmt":"2017-10-08T06:56:18","guid":{"rendered":"http:\/\/www.gerardparisclavel.fr\/bonjour\/?p=347"},"modified":"2021-11-06T16:09:39","modified_gmt":"2021-11-06T15:09:39","slug":"les-avant-gardes-de-situations","status":"publish","type":"post","link":"http:\/\/www.gerardparisclavel.fr\/bonjour\/?p=347","title":{"rendered":"Les avant-gardes de situations"},"content":{"rendered":"<hr \/>\n<h2><strong> 11 octobre 2017 \u00e0 15h<\/strong><\/h2>\n<p>Les avant-gardes de situations sont convoqu\u00e9es par les femmes et les hommes qui sont dans la n\u00e9cessit\u00e9 des luttes. Comment exprimer la force des faibles ? Comment rassembler celles et ceux qui pour r\u00e9sister se rendent visibles et partagent les formes de leurs luttes ? Comment \u00e9couter celles et ceux qui ont du mal \u00e0 se faire entendre ? Les luttes des ch\u00f4meurs, des pauvres, des exploit\u00e9s et des domin\u00e9s sont-elles les luttes de TOUS ?<\/p>\n<p><span style=\"color: #ff0000;\"><strong>Avec<\/strong><\/span> Philippe Villechalane, <em>porte parole de l\u2019<a href=\"http:\/\/www.apeis.org\/\">Apeis<\/a><\/em><br \/>\nJ\u00e9r\u00f4me Bourdieu,\u00a0\u00a0<em>\u00e9conomiste<\/em><\/p>\n<p><img loading=\"lazy\" class=\"alignnone size-large wp-image-355\" src=\"http:\/\/www.gerardparisclavel.fr\/bonjour\/wp-content\/uploads\/2017\/10\/P1040021b-1024x768.jpg\" alt=\"\" width=\"640\" height=\"480\" srcset=\"http:\/\/www.gerardparisclavel.fr\/bonjour\/wp-content\/uploads\/2017\/10\/P1040021b-1024x768.jpg 1024w, http:\/\/www.gerardparisclavel.fr\/bonjour\/wp-content\/uploads\/2017\/10\/P1040021b-300x225.jpg 300w, http:\/\/www.gerardparisclavel.fr\/bonjour\/wp-content\/uploads\/2017\/10\/P1040021b-768x576.jpg 768w\" sizes=\"(max-width: 640px) 100vw, 640px\" \/><\/p>\n<p><span style=\"color: #999999;\"><strong>EN REGARD DE L\u2019EXPOSITION: DES ID\u00c9ES \u00c0 GO\u00dbTER<\/strong><\/span><br \/>\n<span style=\"color: #999999;\"> Travailler l\u2019exposition comme un outil. Il s\u2019agit d\u2019accueillir pendant l\u2019exposition \u00e0 la Maison d\u2019Art\u00a0 Bernard Anthonioz, du 7\u00a0septembre au 12\u00a0novembre 2017, diff\u00e9rents acteurs organisant eux-m\u00eames une visite pour y exprimer la singularit\u00e9 de leurs pratiques et de leurs r\u00e9flexions en regard et en correspondance avec les images et messages de G\u00e9rard Paris-Clavel.<\/span><\/p>\n","protected":false},"excerpt":{"rendered":"<p>11 octobre 2017 \u00e0 15h Les avant-gardes de situations sont convoqu\u00e9es par les femmes et les hommes qui sont dans la n\u00e9cessit\u00e9 des luttes. Comment exprimer la force des faibles ? Comment rassembler celles et ceux qui pour r\u00e9sister se &hellip; <a href=\"http:\/\/www.gerardparisclavel.fr\/bonjour\/?p=347\">Continuer la lecture <span class=\"meta-nav\">&rarr;<\/span><\/a><\/p>\n","protected":false},"author":1,"featured_media":0,"comment_status":"open","ping_status":"open","sticky":false,"template":"","format":"standard","meta":[],"categories":[6],"tags":[],"_links":{"self":[{"href":"http:\/\/www.gerardparisclavel.fr\/bonjour\/index.php?rest_route=\/wp\/v2\/posts\/347"}],"collection":[{"href":"http:\/\/www.gerardparisclavel.fr\/bonjour\/index.php?rest_route=\/wp\/v2\/posts"}],"about":[{"href":"http:\/\/www.gerardparisclavel.fr\/bonjour\/index.php?rest_route=\/wp\/v2\/types\/post"}],"author":[{"embeddable":true,"href":"http:\/\/www.gerardparisclavel.fr\/bonjour\/index.php?rest_route=\/wp\/v2\/users\/1"}],"replies":[{"embeddable":true,"href":"http:\/\/www.gerardparisclavel.fr\/bonjour\/index.php?rest_route=%2Fwp%2Fv2%2Fcomments&post=347"}],"version-history":[{"count":3,"href":"http:\/\/www.gerardparisclavel.fr\/bonjour\/index.php?rest_route=\/wp\/v2\/posts\/347\/revisions"}],"predecessor-version":[{"id":367,"href":"http:\/\/www.gerardparisclavel.fr\/bonjour\/index.php?rest_route=\/wp\/v2\/posts\/347\/revisions\/367"}],"wp:attachment":[{"href":"http:\/\/www.gerardparisclavel.fr\/bonjour\/index.php?rest_route=%2Fwp%2Fv2%2Fmedia&parent=347"}],"wp:term":[{"taxonomy":"category","embeddable":true,"href":"http:\/\/www.gerardparisclavel.fr\/bonjour\/index.php?rest_route=%2Fwp%2Fv2%2Fcategories&post=347"},{"taxonomy":"post_tag","embeddable":true,"href":"http:\/\/www.gerardparisclavel.fr\/bonjour\/index.php?rest_route=%2Fwp%2Fv2%2Ftags&post=347"}],"curies":[{"name":"wp","href":"https:\/\/api.w.org\/{rel}","templated":true}]}}