{"id":345,"date":"2017-10-05T13:28:41","date_gmt":"2017-10-05T12:28:41","guid":{"rendered":"http:\/\/www.gerardparisclavel.fr\/bonjour\/?p=345"},"modified":"2021-11-06T16:09:24","modified_gmt":"2021-11-06T15:09:24","slug":"graphisme-histoire-ou-faits-divers","status":"publish","type":"post","link":"http:\/\/www.gerardparisclavel.fr\/bonjour\/?p=345","title":{"rendered":"Graphisme, Histoire ou faits divers !"},"content":{"rendered":"<h2><strong>7 octobre 2017 \u00e0 15h<\/strong><\/h2>\n<p>Le graphisme est le traitement des informations et des savoirs mis en formes pour \u00eatre diffus\u00e9s dans les lieux publics. C\u2019est une pratique r\u00e9cente qui arrive \u00e0 partir du XIXe si\u00e8cle avec la R\u00e9volution industrielle. Deux raisons \u00e0 cela, la premi\u00e8re l\u2019\u00e9volution des techniques d\u2019impression et la seconde la transformation du rapport de l\u2019espace public des villes avec la population qui acquiert majoritairement l\u2019acc\u00e8s \u00e0 la lecture.<\/p>\n<p><span style=\"color: #ff0000;\"><strong>Avec<\/strong><\/span> Margo Rouard, <em>historienne du graphisme<\/em><br \/>\nTony C\u00f4me,\u00a0 <a href=\"http:\/\/editions-b42.com\/books\/linstitut-de-lenvironnement\/\"><em>historien d\u2019art <\/em><\/a><\/p>\n<p><img loading=\"lazy\" class=\"alignnone size-large wp-image-349\" src=\"http:\/\/www.gerardparisclavel.fr\/bonjour\/wp-content\/uploads\/2017\/10\/P1030776-1024x758.jpg\" alt=\"\" width=\"640\" height=\"474\" srcset=\"http:\/\/www.gerardparisclavel.fr\/bonjour\/wp-content\/uploads\/2017\/10\/P1030776-1024x758.jpg 1024w, http:\/\/www.gerardparisclavel.fr\/bonjour\/wp-content\/uploads\/2017\/10\/P1030776-300x222.jpg 300w, http:\/\/www.gerardparisclavel.fr\/bonjour\/wp-content\/uploads\/2017\/10\/P1030776-768x568.jpg 768w\" sizes=\"(max-width: 640px) 100vw, 640px\" \/><\/p>\n<p><span style=\"color: #808080;\"><strong>EN REGARD DE L\u2019EXPOSITION: DES ID\u00c9ES \u00c0 GO\u00dbTER<\/strong><\/span><br \/>\n<span style=\"color: #808080;\"> Travailler l\u2019exposition comme un outil. Il s\u2019agit d\u2019accueillir pendant l\u2019exposition \u00e0 la Maison d\u2019Art\u00a0 Bernard Anthonioz, du 7\u00a0septembre au 12\u00a0novembre 2017, diff\u00e9rents acteurs organisant eux-m\u00eames une visite pour y exprimer la singularit\u00e9 de leurs pratiques et de leurs r\u00e9flexions en regard et en correspondance avec les images et messages de G\u00e9rard Paris-Clavel.<\/span><\/p>\n","protected":false},"excerpt":{"rendered":"<p>7 octobre 2017 \u00e0 15h Le graphisme est le traitement des informations et des savoirs mis en formes pour \u00eatre diffus\u00e9s dans les lieux publics. C\u2019est une pratique r\u00e9cente qui arrive \u00e0 partir du XIXe si\u00e8cle avec la R\u00e9volution industrielle. &hellip; <a href=\"http:\/\/www.gerardparisclavel.fr\/bonjour\/?p=345\">Continuer la lecture <span class=\"meta-nav\">&rarr;<\/span><\/a><\/p>\n","protected":false},"author":1,"featured_media":0,"comment_status":"open","ping_status":"open","sticky":false,"template":"","format":"standard","meta":[],"categories":[6],"tags":[],"_links":{"self":[{"href":"http:\/\/www.gerardparisclavel.fr\/bonjour\/index.php?rest_route=\/wp\/v2\/posts\/345"}],"collection":[{"href":"http:\/\/www.gerardparisclavel.fr\/bonjour\/index.php?rest_route=\/wp\/v2\/posts"}],"about":[{"href":"http:\/\/www.gerardparisclavel.fr\/bonjour\/index.php?rest_route=\/wp\/v2\/types\/post"}],"author":[{"embeddable":true,"href":"http:\/\/www.gerardparisclavel.fr\/bonjour\/index.php?rest_route=\/wp\/v2\/users\/1"}],"replies":[{"embeddable":true,"href":"http:\/\/www.gerardparisclavel.fr\/bonjour\/index.php?rest_route=%2Fwp%2Fv2%2Fcomments&post=345"}],"version-history":[{"count":3,"href":"http:\/\/www.gerardparisclavel.fr\/bonjour\/index.php?rest_route=\/wp\/v2\/posts\/345\/revisions"}],"predecessor-version":[{"id":377,"href":"http:\/\/www.gerardparisclavel.fr\/bonjour\/index.php?rest_route=\/wp\/v2\/posts\/345\/revisions\/377"}],"wp:attachment":[{"href":"http:\/\/www.gerardparisclavel.fr\/bonjour\/index.php?rest_route=%2Fwp%2Fv2%2Fmedia&parent=345"}],"wp:term":[{"taxonomy":"category","embeddable":true,"href":"http:\/\/www.gerardparisclavel.fr\/bonjour\/index.php?rest_route=%2Fwp%2Fv2%2Fcategories&post=345"},{"taxonomy":"post_tag","embeddable":true,"href":"http:\/\/www.gerardparisclavel.fr\/bonjour\/index.php?rest_route=%2Fwp%2Fv2%2Ftags&post=345"}],"curies":[{"name":"wp","href":"https:\/\/api.w.org\/{rel}","templated":true}]}}