{"id":323,"date":"2017-09-25T08:31:47","date_gmt":"2017-09-25T07:31:47","guid":{"rendered":"http:\/\/www.gerardparisclavel.fr\/bonjour\/?p=323"},"modified":"2017-10-01T10:42:26","modified_gmt":"2017-10-01T09:42:26","slug":"la-regle-du-jeu","status":"publish","type":"post","link":"http:\/\/www.gerardparisclavel.fr\/bonjour\/?p=323","title":{"rendered":"La r\u00e8gle du jeu"},"content":{"rendered":"<h2><strong>30 septembre 2017 \u00e0 15h<\/strong><\/h2>\n<p>Pour un artiste il est essentiel de privil\u00e9gier dans la r\u00e9flexion et son action professionnelle les choix qui sont le plus en harmonie avec son objectif de cr\u00e9ation et sa personnalit\u00e9.<br \/>\nPour cela il doit s\u2019appuyer sur un environnement de professionnels dans les divers domaines o\u00f9 leurs comp\u00e9tences viendront l\u2019\u00e9clairer dans ses choix. Ils pourront ainsi lui permettre de\u2009: comprendre et se situer dans un environnement \u00e9conomique compliqu\u00e9. Conna\u00eetre et exercer ses droits \u00e0 partir de son statut professionnel d\u2019artiste. Remplir ses devoirs en connaissant l\u2019environnement r\u00e8glementaire et statutaire. Se donner<br \/>\nles moyens en apprenant \u00e0 g\u00e9rer son activit\u00e9.<\/p>\n<p><span style=\"color: #ff0000;\"><strong>Avec<\/strong><\/span> Benjamin Dauchez, <em>notaire,<\/em><br \/>\nBruno Lavaux, <em>expert-comptable<\/em><br \/>\nJean Vincent,<em> avocat<\/em><\/p>\n<p><img loading=\"lazy\" class=\"alignnone size-large wp-image-340\" src=\"http:\/\/www.gerardparisclavel.fr\/bonjour\/wp-content\/uploads\/2017\/10\/P1030517a-1-1024x605.jpg\" alt=\"\" width=\"640\" height=\"378\" srcset=\"http:\/\/www.gerardparisclavel.fr\/bonjour\/wp-content\/uploads\/2017\/10\/P1030517a-1-1024x605.jpg 1024w, http:\/\/www.gerardparisclavel.fr\/bonjour\/wp-content\/uploads\/2017\/10\/P1030517a-1-300x177.jpg 300w, http:\/\/www.gerardparisclavel.fr\/bonjour\/wp-content\/uploads\/2017\/10\/P1030517a-1-768x454.jpg 768w\" sizes=\"(max-width: 640px) 100vw, 640px\" \/><\/p>\n<p><span style=\"color: #808080;\"><strong>EN REGARD DE L\u2019EXPOSITION: DES ID\u00c9ES \u00c0 GO\u00dbTER<\/strong><\/span><br \/>\n<span style=\"color: #808080;\"> Travailler l\u2019exposition comme un outil. Il s\u2019agit d\u2019accueillir pendant l\u2019exposition \u00e0 la Maison d\u2019Art\u00a0 Bernard Anthonioz, du 7\u00a0septembre au 12\u00a0novembre 2017, diff\u00e9rents acteurs organisant eux-m\u00eames une visite pour y exprimer la singularit\u00e9 de leurs pratiques et de leurs r\u00e9flexions en regard et en correspondance avec les images et messages de G\u00e9rard Paris-Clavel.<\/span><\/p>\n","protected":false},"excerpt":{"rendered":"<p>30 septembre 2017 \u00e0 15h Pour un artiste il est essentiel de privil\u00e9gier dans la r\u00e9flexion et son action professionnelle les choix qui sont le plus en harmonie avec son objectif de cr\u00e9ation et sa personnalit\u00e9. Pour cela il doit &hellip; <a href=\"http:\/\/www.gerardparisclavel.fr\/bonjour\/?p=323\">Continuer la lecture <span class=\"meta-nav\">&rarr;<\/span><\/a><\/p>\n","protected":false},"author":1,"featured_media":0,"comment_status":"open","ping_status":"open","sticky":false,"template":"","format":"standard","meta":[],"categories":[6,1],"tags":[],"_links":{"self":[{"href":"http:\/\/www.gerardparisclavel.fr\/bonjour\/index.php?rest_route=\/wp\/v2\/posts\/323"}],"collection":[{"href":"http:\/\/www.gerardparisclavel.fr\/bonjour\/index.php?rest_route=\/wp\/v2\/posts"}],"about":[{"href":"http:\/\/www.gerardparisclavel.fr\/bonjour\/index.php?rest_route=\/wp\/v2\/types\/post"}],"author":[{"embeddable":true,"href":"http:\/\/www.gerardparisclavel.fr\/bonjour\/index.php?rest_route=\/wp\/v2\/users\/1"}],"replies":[{"embeddable":true,"href":"http:\/\/www.gerardparisclavel.fr\/bonjour\/index.php?rest_route=%2Fwp%2Fv2%2Fcomments&post=323"}],"version-history":[{"count":5,"href":"http:\/\/www.gerardparisclavel.fr\/bonjour\/index.php?rest_route=\/wp\/v2\/posts\/323\/revisions"}],"predecessor-version":[{"id":341,"href":"http:\/\/www.gerardparisclavel.fr\/bonjour\/index.php?rest_route=\/wp\/v2\/posts\/323\/revisions\/341"}],"wp:attachment":[{"href":"http:\/\/www.gerardparisclavel.fr\/bonjour\/index.php?rest_route=%2Fwp%2Fv2%2Fmedia&parent=323"}],"wp:term":[{"taxonomy":"category","embeddable":true,"href":"http:\/\/www.gerardparisclavel.fr\/bonjour\/index.php?rest_route=%2Fwp%2Fv2%2Fcategories&post=323"},{"taxonomy":"post_tag","embeddable":true,"href":"http:\/\/www.gerardparisclavel.fr\/bonjour\/index.php?rest_route=%2Fwp%2Fv2%2Ftags&post=323"}],"curies":[{"name":"wp","href":"https:\/\/api.w.org\/{rel}","templated":true}]}}