{"id":304,"date":"2017-09-14T13:49:59","date_gmt":"2017-09-14T12:49:59","guid":{"rendered":"http:\/\/www.gerardparisclavel.fr\/bonjour\/?p=304"},"modified":"2017-10-16T17:17:36","modified_gmt":"2017-10-16T16:17:36","slug":"savoirs-des-luttes","status":"publish","type":"post","link":"http:\/\/www.gerardparisclavel.fr\/bonjour\/?p=304","title":{"rendered":"Savoirs des luttes"},"content":{"rendered":"<h2><span style=\"color: #000000;\"><strong>23 septembre 2017 \u00e0 15h<\/strong><\/span><\/h2>\n<p>Le savoir constitue une des meilleures d\u00e9fenses des citoyens face \u00e0 la surabondance des informations m\u00e9diatis\u00e9es, qui tendent \u00e0 effacer tout sens critique. L\u2019id\u00e9e d\u2019exprimer \u00able Savoir des luttes\u00bb permet de rendre visible le savoir des militants acquis sur la m\u00e9moire de leurs actions mais aussi de comprendre comment se constituent ces m\u00e9langes de savoir-faire et de savoirs savants.<\/p>\n<p><span style=\"color: #ff0000;\"><strong>Avec<\/strong><\/span> S\u00e9bastien Chatillon, <em>syndicaliste <a href=\"https:\/\/sudrail.fr\/\">Sud Rail<\/a><br \/>\n<\/em>Franck Poupeau, <em>sociologue<\/em><\/p>\n<p><img loading=\"lazy\" class=\"alignnone size-large wp-image-325\" src=\"http:\/\/www.gerardparisclavel.fr\/bonjour\/wp-content\/uploads\/2017\/09\/savoir-des-lutte-blog-1024x601.jpg\" alt=\"\" width=\"640\" height=\"376\" srcset=\"http:\/\/www.gerardparisclavel.fr\/bonjour\/wp-content\/uploads\/2017\/09\/savoir-des-lutte-blog-1024x601.jpg 1024w, http:\/\/www.gerardparisclavel.fr\/bonjour\/wp-content\/uploads\/2017\/09\/savoir-des-lutte-blog-300x176.jpg 300w, http:\/\/www.gerardparisclavel.fr\/bonjour\/wp-content\/uploads\/2017\/09\/savoir-des-lutte-blog-768x451.jpg 768w, http:\/\/www.gerardparisclavel.fr\/bonjour\/wp-content\/uploads\/2017\/09\/savoir-des-lutte-blog.jpg 1627w\" sizes=\"(max-width: 640px) 100vw, 640px\" \/><\/p>\n<p><span style=\"color: #808080;\"><strong>EN REGARD DE L\u2019EXPOSITION: DES ID\u00c9ES \u00c0 GO\u00dbTER<\/strong><\/span><br \/>\n<span style=\"color: #808080;\"> Travailler l\u2019exposition comme un outil. Il s\u2019agit d\u2019accueillir pendant l\u2019exposition \u00e0 la Maison d\u2019Art\u00a0 Bernard Anthonioz, du 7\u00a0septembre au 12\u00a0novembre 2017, diff\u00e9rents acteurs organisant eux-m\u00eames une visite pour y exprimer la singularit\u00e9 de leurs pratiques et de leurs r\u00e9flexions en regard et en correspondance avec les images et messages de G\u00e9rard Paris-Clavel.<\/span><\/p>\n","protected":false},"excerpt":{"rendered":"<p>23 septembre 2017 \u00e0 15h Le savoir constitue une des meilleures d\u00e9fenses des citoyens face \u00e0 la surabondance des informations m\u00e9diatis\u00e9es, qui tendent \u00e0 effacer tout sens critique. L\u2019id\u00e9e d\u2019exprimer \u00able Savoir des luttes\u00bb permet de rendre visible le savoir &hellip; <a href=\"http:\/\/www.gerardparisclavel.fr\/bonjour\/?p=304\">Continuer la lecture <span class=\"meta-nav\">&rarr;<\/span><\/a><\/p>\n","protected":false},"author":1,"featured_media":0,"comment_status":"open","ping_status":"open","sticky":false,"template":"","format":"standard","meta":[],"categories":[6],"tags":[],"_links":{"self":[{"href":"http:\/\/www.gerardparisclavel.fr\/bonjour\/index.php?rest_route=\/wp\/v2\/posts\/304"}],"collection":[{"href":"http:\/\/www.gerardparisclavel.fr\/bonjour\/index.php?rest_route=\/wp\/v2\/posts"}],"about":[{"href":"http:\/\/www.gerardparisclavel.fr\/bonjour\/index.php?rest_route=\/wp\/v2\/types\/post"}],"author":[{"embeddable":true,"href":"http:\/\/www.gerardparisclavel.fr\/bonjour\/index.php?rest_route=\/wp\/v2\/users\/1"}],"replies":[{"embeddable":true,"href":"http:\/\/www.gerardparisclavel.fr\/bonjour\/index.php?rest_route=%2Fwp%2Fv2%2Fcomments&post=304"}],"version-history":[{"count":10,"href":"http:\/\/www.gerardparisclavel.fr\/bonjour\/index.php?rest_route=\/wp\/v2\/posts\/304\/revisions"}],"predecessor-version":[{"id":369,"href":"http:\/\/www.gerardparisclavel.fr\/bonjour\/index.php?rest_route=\/wp\/v2\/posts\/304\/revisions\/369"}],"wp:attachment":[{"href":"http:\/\/www.gerardparisclavel.fr\/bonjour\/index.php?rest_route=%2Fwp%2Fv2%2Fmedia&parent=304"}],"wp:term":[{"taxonomy":"category","embeddable":true,"href":"http:\/\/www.gerardparisclavel.fr\/bonjour\/index.php?rest_route=%2Fwp%2Fv2%2Fcategories&post=304"},{"taxonomy":"post_tag","embeddable":true,"href":"http:\/\/www.gerardparisclavel.fr\/bonjour\/index.php?rest_route=%2Fwp%2Fv2%2Ftags&post=304"}],"curies":[{"name":"wp","href":"https:\/\/api.w.org\/{rel}","templated":true}]}}