{"id":298,"date":"2017-09-13T18:34:54","date_gmt":"2017-09-13T17:34:54","guid":{"rendered":"http:\/\/www.gerardparisclavel.fr\/bonjour\/?p=298"},"modified":"2017-09-14T14:58:57","modified_gmt":"2017-09-14T13:58:57","slug":"images-en-vie-image-de-la-vie-courante","status":"publish","type":"post","link":"http:\/\/www.gerardparisclavel.fr\/bonjour\/?p=298","title":{"rendered":"Images en vie, image de la vie courante"},"content":{"rendered":"<h2><span style=\"color: #000000;\"><strong>13 septembre 2017 \u00e0 15h<\/strong><\/span><\/h2>\n<p>Des parts d\u00e9cisives de nos vies quotidiennes sont organis\u00e9es et dict\u00e9es par ce que nous proposent et ce que nous imposent lessignes appos\u00e9s dans l\u2019espace public et l\u2019inflation des signes de la marchandise. Redonner formes et valeurs aux richesses des situations sociales, o\u00f9 l&rsquo;individu \u2014 lib\u00e9r\u00e9 de son r\u00f4le de consommateur \u2014 s\u2019enrichit de la rencontre et du partage avec l\u2019Autre. Quelles repr\u00e9sentations v\u00e9hiculent les images de la vie courante ? Que nous disent elles sur la relation avec notre propre image, celle de l\u2019autre, celles des autres ?<\/p>\n<p><strong><span style=\"color: #ff0000;\">Avec<\/span><\/strong> Catherine Richard,<em> charg\u00e9e de mission pour la politique de la ville<\/em><br \/>\nAntono Ugidos, <em>psychologue<\/em><\/p>\n<p><img loading=\"lazy\" class=\"alignnone size-full wp-image-301\" src=\"http:\/\/www.gerardparisclavel.fr\/bonjour\/wp-content\/uploads\/2017\/09\/P1030413-1.jpg\" alt=\"\" width=\"1000\" height=\"750\" srcset=\"http:\/\/www.gerardparisclavel.fr\/bonjour\/wp-content\/uploads\/2017\/09\/P1030413-1.jpg 1000w, http:\/\/www.gerardparisclavel.fr\/bonjour\/wp-content\/uploads\/2017\/09\/P1030413-1-300x225.jpg 300w, http:\/\/www.gerardparisclavel.fr\/bonjour\/wp-content\/uploads\/2017\/09\/P1030413-1-768x576.jpg 768w\" sizes=\"(max-width: 1000px) 100vw, 1000px\" \/><\/p>\n<p><span style=\"color: #808080;\"><strong>EN REGARD DE L\u2019EXPOSITION: DES ID\u00c9ES \u00c0 GO\u00dbTER<\/strong><\/span><br \/>\n<span style=\"color: #808080;\"> Travailler l\u2019exposition comme un outil. Il s\u2019agit d\u2019accueillir pendant l\u2019exposition \u00e0 la Maison d\u2019Art\u00a0 Bernard Anthonioz, du 7\u00a0septembre au 12\u00a0novembre 2017, diff\u00e9rents acteurs organisant eux-m\u00eames une visite pour y exprimer la singularit\u00e9 de leurs pratiques et de leurs r\u00e9flexions en regard et en correspondance avec les images et messages de G\u00e9rard Paris-Clavel.<\/span><\/p>\n","protected":false},"excerpt":{"rendered":"<p>13 septembre 2017 \u00e0 15h Des parts d\u00e9cisives de nos vies quotidiennes sont organis\u00e9es et dict\u00e9es par ce que nous proposent et ce que nous imposent lessignes appos\u00e9s dans l\u2019espace public et l\u2019inflation des signes de la marchandise. Redonner formes &hellip; <a href=\"http:\/\/www.gerardparisclavel.fr\/bonjour\/?p=298\">Continuer la lecture <span class=\"meta-nav\">&rarr;<\/span><\/a><\/p>\n","protected":false},"author":1,"featured_media":0,"comment_status":"open","ping_status":"open","sticky":false,"template":"","format":"standard","meta":[],"categories":[6],"tags":[],"_links":{"self":[{"href":"http:\/\/www.gerardparisclavel.fr\/bonjour\/index.php?rest_route=\/wp\/v2\/posts\/298"}],"collection":[{"href":"http:\/\/www.gerardparisclavel.fr\/bonjour\/index.php?rest_route=\/wp\/v2\/posts"}],"about":[{"href":"http:\/\/www.gerardparisclavel.fr\/bonjour\/index.php?rest_route=\/wp\/v2\/types\/post"}],"author":[{"embeddable":true,"href":"http:\/\/www.gerardparisclavel.fr\/bonjour\/index.php?rest_route=\/wp\/v2\/users\/1"}],"replies":[{"embeddable":true,"href":"http:\/\/www.gerardparisclavel.fr\/bonjour\/index.php?rest_route=%2Fwp%2Fv2%2Fcomments&post=298"}],"version-history":[{"count":9,"href":"http:\/\/www.gerardparisclavel.fr\/bonjour\/index.php?rest_route=\/wp\/v2\/posts\/298\/revisions"}],"predecessor-version":[{"id":319,"href":"http:\/\/www.gerardparisclavel.fr\/bonjour\/index.php?rest_route=\/wp\/v2\/posts\/298\/revisions\/319"}],"wp:attachment":[{"href":"http:\/\/www.gerardparisclavel.fr\/bonjour\/index.php?rest_route=%2Fwp%2Fv2%2Fmedia&parent=298"}],"wp:term":[{"taxonomy":"category","embeddable":true,"href":"http:\/\/www.gerardparisclavel.fr\/bonjour\/index.php?rest_route=%2Fwp%2Fv2%2Fcategories&post=298"},{"taxonomy":"post_tag","embeddable":true,"href":"http:\/\/www.gerardparisclavel.fr\/bonjour\/index.php?rest_route=%2Fwp%2Fv2%2Ftags&post=298"}],"curies":[{"name":"wp","href":"https:\/\/api.w.org\/{rel}","templated":true}]}}