{"id":26,"date":"2016-01-13T15:28:39","date_gmt":"2016-01-13T14:28:39","guid":{"rendered":"http:\/\/www.gerardparisclavel.fr\/bonjour\/?p=26"},"modified":"2016-03-15T17:14:29","modified_gmt":"2016-03-15T16:14:29","slug":"de-la-suite-dans-les-idees","status":"publish","type":"post","link":"http:\/\/www.gerardparisclavel.fr\/bonjour\/?p=26","title":{"rendered":"La suite dans les id\u00e9es."},"content":{"rendered":"<p><img src=\"http:\/\/www.gerardparisclavel.fr\/bonjour\/wp-content\/uploads\/2016\/01\/les-trois-graces.jpg\" alt=\"les-trois-graces\" width=\"800\" \/><\/p>\n<p>&nbsp;<\/p>\n<p><img loading=\"lazy\" class=\"wp-image-27 size-full aligncenter\" src=\"http:\/\/www.gerardparisclavel.fr\/bonjour\/wp-content\/uploads\/2016\/01\/JE_lutte_des_classes-pour-blog.jpg\" alt=\"JE_lutte_des_classes pour blog\" width=\"793\" height=\"573\" srcset=\"http:\/\/www.gerardparisclavel.fr\/bonjour\/wp-content\/uploads\/2016\/01\/JE_lutte_des_classes-pour-blog.jpg 793w, http:\/\/www.gerardparisclavel.fr\/bonjour\/wp-content\/uploads\/2016\/01\/JE_lutte_des_classes-pour-blog-300x217.jpg 300w, http:\/\/www.gerardparisclavel.fr\/bonjour\/wp-content\/uploads\/2016\/01\/JE_lutte_des_classes-pour-blog-768x555.jpg 768w\" sizes=\"(max-width: 793px) 100vw, 793px\" \/><\/p>\n<p style=\"text-align: center;\"><strong>Imaginons nos bonheurs en commun,<br \/>\nr\u00e9volutionner c&rsquo;est inventer de nouveau.<br \/>\nMeilleurs v\u0153ux pour 2016\u00a0!<\/strong><\/p>\n<p>&nbsp;<\/p>\n<p><i>Je lutte des classes<\/i><br \/>\nCela sonne un peu comme un slogan d\u00e9pass\u00e9, discr\u00e9dit\u00e9 par l\u2019id\u00e9ologie dominante et ses intellectuels de service. Mais justement, la pr\u00e9sence du \u00ab\u2009je\u2009\u00bb propulse la phrase au-del\u00e0 du jeu de mots\u2009: plut\u00f4t une invitation \u00e0 l\u2019\u00e9change, une promesse d\u2019engagement. Non pas le \u00ab\u2009je\u2009\u00bb du retour de l\u2019individu, p\u00e9riodiquement annonc\u00e9 par les id\u00e9ologues du capitalisme, mais un \u00ab\u2009je\u2009\u00bb directement connect\u00e9 aux conflits. La r\u00e9appropriation de la subjectivit\u00e9 par le collectif, une mont\u00e9e en g\u00e9n\u00e9ralit\u00e9 qui n\u2019enferme pas le moi dans l\u2019espace \u00e9troit de l\u2019individu, mais le place en situation de communication et de combat \u00e0 la fois. Apr\u00e8s la r\u00e9signation du repli sur soi, la promesse de lendemains qui changent. C\u2019est aussi la vertu de \u00ab\u2009je lutte des classes\u2009\u00bb, que de permettre un lien entre un futur ouvert et un pass\u00e9 que l\u2019on croyait d\u00e9pass\u00e9.<br \/>\nFranck Poupeau<\/p>\n","protected":false},"excerpt":{"rendered":"<p>&nbsp; Imaginons nos bonheurs en commun, r\u00e9volutionner c&rsquo;est inventer de nouveau. Meilleurs v\u0153ux pour 2016\u00a0! &nbsp; Je lutte des classes Cela sonne un peu comme un slogan d\u00e9pass\u00e9, discr\u00e9dit\u00e9 par l\u2019id\u00e9ologie dominante et ses intellectuels de service. Mais justement, la &hellip; <a href=\"http:\/\/www.gerardparisclavel.fr\/bonjour\/?p=26\">Continuer la lecture <span class=\"meta-nav\">&rarr;<\/span><\/a><\/p>\n","protected":false},"author":2,"featured_media":0,"comment_status":"open","ping_status":"open","sticky":false,"template":"","format":"standard","meta":[],"categories":[4],"tags":[],"_links":{"self":[{"href":"http:\/\/www.gerardparisclavel.fr\/bonjour\/index.php?rest_route=\/wp\/v2\/posts\/26"}],"collection":[{"href":"http:\/\/www.gerardparisclavel.fr\/bonjour\/index.php?rest_route=\/wp\/v2\/posts"}],"about":[{"href":"http:\/\/www.gerardparisclavel.fr\/bonjour\/index.php?rest_route=\/wp\/v2\/types\/post"}],"author":[{"embeddable":true,"href":"http:\/\/www.gerardparisclavel.fr\/bonjour\/index.php?rest_route=\/wp\/v2\/users\/2"}],"replies":[{"embeddable":true,"href":"http:\/\/www.gerardparisclavel.fr\/bonjour\/index.php?rest_route=%2Fwp%2Fv2%2Fcomments&post=26"}],"version-history":[{"count":23,"href":"http:\/\/www.gerardparisclavel.fr\/bonjour\/index.php?rest_route=\/wp\/v2\/posts\/26\/revisions"}],"predecessor-version":[{"id":129,"href":"http:\/\/www.gerardparisclavel.fr\/bonjour\/index.php?rest_route=\/wp\/v2\/posts\/26\/revisions\/129"}],"wp:attachment":[{"href":"http:\/\/www.gerardparisclavel.fr\/bonjour\/index.php?rest_route=%2Fwp%2Fv2%2Fmedia&parent=26"}],"wp:term":[{"taxonomy":"category","embeddable":true,"href":"http:\/\/www.gerardparisclavel.fr\/bonjour\/index.php?rest_route=%2Fwp%2Fv2%2Fcategories&post=26"},{"taxonomy":"post_tag","embeddable":true,"href":"http:\/\/www.gerardparisclavel.fr\/bonjour\/index.php?rest_route=%2Fwp%2Fv2%2Ftags&post=26"}],"curies":[{"name":"wp","href":"https:\/\/api.w.org\/{rel}","templated":true}]}}