{"id":207,"date":"2017-07-01T08:03:51","date_gmt":"2017-07-01T07:03:51","guid":{"rendered":"http:\/\/www.gerardparisclavel.fr\/bonjour\/?p=207"},"modified":"2018-04-25T10:14:30","modified_gmt":"2018-04-25T09:14:30","slug":"cetait-mieux-demain","status":"publish","type":"post","link":"http:\/\/www.gerardparisclavel.fr\/bonjour\/?p=207","title":{"rendered":"C\u2019\u00e9tait mieux demain"},"content":{"rendered":"<p><img loading=\"lazy\" src=\"http:\/\/www.gerardparisclavel.fr\/bonjour\/wp-content\/uploads\/2017\/07\/cropped-laCulturePenetrantLesIdeesDominantes.jpg\" alt=\"\" width=\"800\" height=\"387\" \/><\/p>\n<h1><strong>Grapus ? Connais pas\u2026<br \/>\n\u2014 Mais si, rappelle-toi !<\/strong><\/h1>\n<p><img loading=\"lazy\" class=\"alignnone wp-image-224\" src=\"http:\/\/www.gerardparisclavel.fr\/bonjour\/wp-content\/uploads\/2017\/07\/LenineGrapusThiers.jpg\" alt=\"\" width=\"637\" height=\"904\" srcset=\"http:\/\/www.gerardparisclavel.fr\/bonjour\/wp-content\/uploads\/2017\/07\/LenineGrapusThiers.jpg 874w, http:\/\/www.gerardparisclavel.fr\/bonjour\/wp-content\/uploads\/2017\/07\/LenineGrapusThiers-211x300.jpg 211w, http:\/\/www.gerardparisclavel.fr\/bonjour\/wp-content\/uploads\/2017\/07\/LenineGrapusThiers-768x1090.jpg 768w, http:\/\/www.gerardparisclavel.fr\/bonjour\/wp-content\/uploads\/2017\/07\/LenineGrapusThiers-722x1024.jpg 722w\" sizes=\"(max-width: 637px) 100vw, 637px\" \/><br \/>\nCr\u00e9ateur collectif dans une soci\u00e9t\u00e9 qui ne r\u00e9v\u00e8re<br \/>\nque\u00a0l\u2019individualisme, dans laquelle les artistes sont divis\u00e9s, oppos\u00e9s, hi\u00e9rarchis\u00e9s, marginalis\u00e9s, \u2013 seuls\u2009! \u2013 pour lutter contre l\u2019aigreur et le d\u00e9couragement, pour regarder en face l\u2019absurdit\u00e9 honteuse qui ne veut pas mourir, une pr\u00e9face \u00e0\u00a001, POUR APPRENDRE\u2009!<\/p>\n<p>Faire de la communication sociale dans une soci\u00e9t\u00e9 o\u00f9 tout se publicite c\u2019est combattre l\u2019id\u00e9e que la culture est \u00e9litaire, le syndicalisme d\u00e9mod\u00e9 et la politique sale\u2009! Mais aussi convaincre des culturels, des syndicalistes, des camarades d\u2019investir une part importante de leur budget d\u2019aust\u00e9rit\u00e9 pour exprimer leurs id\u00e9es, les populariser dans une relation d\u2019\u00e9motion nouvelle, donc hasardeuse, combattre la\u00a0langue de\u00a0bois sans lui\u00a0substituer le\u00a0miel publicitaire.<br \/>\nLes\u00a0paroles du\u00a0changement sont encore \u00e0\u00a0trouver, \u00e0\u00a0sculpter, \u00e0\u00a0peindre, \u00e0\u00a0mettre en\u00a0musique, en\u00a0po\u00e8me, en\u00a0vibration\u2026<br \/>\nAlors viv(r)e la\u00a0dialectique avec\u00a0fromage et\u00a0dessert<\/p>\n<p style=\"text-align: right;\">Grapus janvier 1979<\/p>\n<p style=\"text-align: left;\"><a href=\"https:\/\/www.youtube.com\/watch?v=7jPCgI4SnmI&amp;t=2s\">Thiers entretien avec G\u00e9rard Paris-Clavel<\/a><br \/>\n<a href=\"http:\/\/archives.aubervilliers.fr\/Fonds-Grapus\">archives.aubervilliers.fr\/Fonds-Grapus<\/a><br \/>\n<a href=\"http:\/\/www.gerardparisclavel.fr\/bnf\/images\/-Blog\/GrapusThiers.pdf\">photos de l\u2019expo<\/a><br \/>\n<a href=\"http:\/\/jeanpaulachard.com\/grapus.html\">En voir plus sur le blog de Jean Paul Achard<\/a><\/p>\n<p>&nbsp;<\/p>\n","protected":false},"excerpt":{"rendered":"<p>Grapus ? Connais pas\u2026 \u2014 Mais si, rappelle-toi ! Cr\u00e9ateur collectif dans une soci\u00e9t\u00e9 qui ne r\u00e9v\u00e8re que\u00a0l\u2019individualisme, dans laquelle les artistes sont divis\u00e9s, oppos\u00e9s, hi\u00e9rarchis\u00e9s, marginalis\u00e9s, \u2013 seuls\u2009! \u2013 pour lutter contre l\u2019aigreur et le d\u00e9couragement, pour regarder en &hellip; <a href=\"http:\/\/www.gerardparisclavel.fr\/bonjour\/?p=207\">Continuer la lecture <span class=\"meta-nav\">&rarr;<\/span><\/a><\/p>\n","protected":false},"author":2,"featured_media":0,"comment_status":"open","ping_status":"open","sticky":false,"template":"","format":"standard","meta":[],"categories":[2,5],"tags":[],"_links":{"self":[{"href":"http:\/\/www.gerardparisclavel.fr\/bonjour\/index.php?rest_route=\/wp\/v2\/posts\/207"}],"collection":[{"href":"http:\/\/www.gerardparisclavel.fr\/bonjour\/index.php?rest_route=\/wp\/v2\/posts"}],"about":[{"href":"http:\/\/www.gerardparisclavel.fr\/bonjour\/index.php?rest_route=\/wp\/v2\/types\/post"}],"author":[{"embeddable":true,"href":"http:\/\/www.gerardparisclavel.fr\/bonjour\/index.php?rest_route=\/wp\/v2\/users\/2"}],"replies":[{"embeddable":true,"href":"http:\/\/www.gerardparisclavel.fr\/bonjour\/index.php?rest_route=%2Fwp%2Fv2%2Fcomments&post=207"}],"version-history":[{"count":23,"href":"http:\/\/www.gerardparisclavel.fr\/bonjour\/index.php?rest_route=\/wp\/v2\/posts\/207\/revisions"}],"predecessor-version":[{"id":439,"href":"http:\/\/www.gerardparisclavel.fr\/bonjour\/index.php?rest_route=\/wp\/v2\/posts\/207\/revisions\/439"}],"wp:attachment":[{"href":"http:\/\/www.gerardparisclavel.fr\/bonjour\/index.php?rest_route=%2Fwp%2Fv2%2Fmedia&parent=207"}],"wp:term":[{"taxonomy":"category","embeddable":true,"href":"http:\/\/www.gerardparisclavel.fr\/bonjour\/index.php?rest_route=%2Fwp%2Fv2%2Fcategories&post=207"},{"taxonomy":"post_tag","embeddable":true,"href":"http:\/\/www.gerardparisclavel.fr\/bonjour\/index.php?rest_route=%2Fwp%2Fv2%2Ftags&post=207"}],"curies":[{"name":"wp","href":"https:\/\/api.w.org\/{rel}","templated":true}]}}