{"id":184,"date":"2017-08-05T15:18:52","date_gmt":"2017-08-05T14:18:52","guid":{"rendered":"http:\/\/www.gerardparisclavel.fr\/bonjour\/?p=184"},"modified":"2018-08-29T15:31:52","modified_gmt":"2018-08-29T14:31:52","slug":"expo","status":"publish","type":"post","link":"http:\/\/www.gerardparisclavel.fr\/bonjour\/?p=184","title":{"rendered":"En chantier de vous conna\u00eetre !"},"content":{"rendered":"<p><img loading=\"lazy\" src=\"http:\/\/www.gerardparisclavel.fr\/bonjour\/wp-content\/uploads\/2017\/08\/cropped-entete-1.jpg\" alt=\"\" width=\"800\" height=\"387\" \/><\/p>\n<p><img loading=\"lazy\" class=\"alignnone size-full wp-image-253\" src=\"http:\/\/www.gerardparisclavel.fr\/bonjour\/wp-content\/uploads\/2017\/07\/NOG-EXPO_img-pour-blog-laure-1.jpg\" alt=\"\" width=\"2182\" height=\"4659\" srcset=\"http:\/\/www.gerardparisclavel.fr\/bonjour\/wp-content\/uploads\/2017\/07\/NOG-EXPO_img-pour-blog-laure-1.jpg 2182w, http:\/\/www.gerardparisclavel.fr\/bonjour\/wp-content\/uploads\/2017\/07\/NOG-EXPO_img-pour-blog-laure-1-141x300.jpg 141w, http:\/\/www.gerardparisclavel.fr\/bonjour\/wp-content\/uploads\/2017\/07\/NOG-EXPO_img-pour-blog-laure-1-768x1640.jpg 768w, http:\/\/www.gerardparisclavel.fr\/bonjour\/wp-content\/uploads\/2017\/07\/NOG-EXPO_img-pour-blog-laure-1-480x1024.jpg 480w\" sizes=\"(max-width: 2182px) 100vw, 2182px\" \/><span style=\"color: red;\"><strong><span style=\"color: #ff0000;\">Le journal de l\u2019exposition : <a href=\"http:\/\/www.fnagp.fr\/workspace\/files\/private\/presse\/journal-de-l-expo-bloc-050917-rvb.pdf\">l\u00e0<\/a><br \/>\nPhotos de chantier :<\/span> <a href=\"http:\/\/www.gerardparisclavel.fr\/images\/-Blog\/Montage-AVEC.pdf\" target=\"_blank\" rel=\"noopener\">ici<br \/>\n<\/a><\/strong><\/span><span style=\"color: red;\"><strong><span style=\"color: #ff0000;\">Le travail du R\u00eave par Julien : <a href=\"https:\/\/scontent-sea1-1.cdninstagram.com\/t50.2886-16\/21459601_116812775640555_1169692909516095488_n.mp4\" target=\"_blank\" rel=\"noopener\">et l\u00e0<\/a><\/span><\/strong><\/span><\/p>\n<p>EN REGARD DE L&rsquo;EXPOSITION: DES ID\u00c9ES \u00c0 GO\u00dbTER<br \/>\nTravailler l\u2019exposition comme un outil. Il s\u2019agit d\u2019accueillir pendant l\u2019exposition \u00e0 la Maison d\u2019Art\u00a0 Bernard Anthonioz, du 7\u00a0septembre au 12\u00a0novembre 2017, diff\u00e9rents acteurs organisant eux-m\u00eames une visite pour y exprimer la singularit\u00e9 de leurs pratiques et de leurs r\u00e9flexions en regard et en correspondance avec les images et messages de G\u00e9rard Paris-Clavel.<\/p>\n<p><img loading=\"lazy\" class=\"alignnone size-large wp-image-283\" src=\"http:\/\/www.gerardparisclavel.fr\/bonjour\/wp-content\/uploads\/2017\/08\/prog-2-1024x809.jpg\" alt=\"\" width=\"640\" height=\"506\" srcset=\"http:\/\/www.gerardparisclavel.fr\/bonjour\/wp-content\/uploads\/2017\/08\/prog-2-1024x809.jpg 1024w, http:\/\/www.gerardparisclavel.fr\/bonjour\/wp-content\/uploads\/2017\/08\/prog-2-300x237.jpg 300w, http:\/\/www.gerardparisclavel.fr\/bonjour\/wp-content\/uploads\/2017\/08\/prog-2-768x606.jpg 768w\" sizes=\"(max-width: 640px) 100vw, 640px\" \/><\/p>\n<p><strong><span style=\"color: red;\"><br \/>\nPour en savoir plus:<\/span> <a href=\"http:\/\/maba.fnagp.fr\/\">maba.fnagp.f<br \/>\n<\/a><a href=\"http:\/\/maba.fnagp.fr\/infos-pratiques\/\" target=\"_blank\" rel=\"noopener\"><span style=\"color: #ff0000;\">acc\u00e8s<\/span><\/a><\/strong><\/p>\n","protected":false},"excerpt":{"rendered":"<p>Le journal de l\u2019exposition : l\u00e0 Photos de chantier : ici Le travail du R\u00eave par Julien : et l\u00e0 EN REGARD DE L&rsquo;EXPOSITION: DES ID\u00c9ES \u00c0 GO\u00dbTER Travailler l\u2019exposition comme un outil. Il s\u2019agit d\u2019accueillir pendant l\u2019exposition \u00e0 la &hellip; <a href=\"http:\/\/www.gerardparisclavel.fr\/bonjour\/?p=184\">Continuer la lecture <span class=\"meta-nav\">&rarr;<\/span><\/a><\/p>\n","protected":false},"author":2,"featured_media":0,"comment_status":"open","ping_status":"open","sticky":false,"template":"","format":"standard","meta":[],"categories":[2],"tags":[],"_links":{"self":[{"href":"http:\/\/www.gerardparisclavel.fr\/bonjour\/index.php?rest_route=\/wp\/v2\/posts\/184"}],"collection":[{"href":"http:\/\/www.gerardparisclavel.fr\/bonjour\/index.php?rest_route=\/wp\/v2\/posts"}],"about":[{"href":"http:\/\/www.gerardparisclavel.fr\/bonjour\/index.php?rest_route=\/wp\/v2\/types\/post"}],"author":[{"embeddable":true,"href":"http:\/\/www.gerardparisclavel.fr\/bonjour\/index.php?rest_route=\/wp\/v2\/users\/2"}],"replies":[{"embeddable":true,"href":"http:\/\/www.gerardparisclavel.fr\/bonjour\/index.php?rest_route=%2Fwp%2Fv2%2Fcomments&post=184"}],"version-history":[{"count":41,"href":"http:\/\/www.gerardparisclavel.fr\/bonjour\/index.php?rest_route=\/wp\/v2\/posts\/184\/revisions"}],"predecessor-version":[{"id":492,"href":"http:\/\/www.gerardparisclavel.fr\/bonjour\/index.php?rest_route=\/wp\/v2\/posts\/184\/revisions\/492"}],"wp:attachment":[{"href":"http:\/\/www.gerardparisclavel.fr\/bonjour\/index.php?rest_route=%2Fwp%2Fv2%2Fmedia&parent=184"}],"wp:term":[{"taxonomy":"category","embeddable":true,"href":"http:\/\/www.gerardparisclavel.fr\/bonjour\/index.php?rest_route=%2Fwp%2Fv2%2Fcategories&post=184"},{"taxonomy":"post_tag","embeddable":true,"href":"http:\/\/www.gerardparisclavel.fr\/bonjour\/index.php?rest_route=%2Fwp%2Fv2%2Ftags&post=184"}],"curies":[{"name":"wp","href":"https:\/\/api.w.org\/{rel}","templated":true}]}}