{"id":15,"date":"2015-09-18T15:15:59","date_gmt":"2015-09-18T14:15:59","guid":{"rendered":"http:\/\/www.gerardparisclavel.fr\/bonjour\/?p=15"},"modified":"2017-07-17T13:30:00","modified_gmt":"2017-07-17T12:30:00","slug":"joyeux-bordel","status":"publish","type":"post","link":"http:\/\/www.gerardparisclavel.fr\/bonjour\/?p=15","title":{"rendered":"Joyeux Bordel"},"content":{"rendered":"<p><img src=\"http:\/\/www.gerardparisclavel.fr\/bonjour\/wp-content\/uploads\/2016\/01\/en-tete_blog.jpg\" alt=\"en-tete_blog\" width=\"800\"  \/><\/p>\n<p>Installation pour l\u2019exposition <i>\u00abGraphisme contemporain et engagements\u00bb<\/i><\/p>\n<p>du 21 septembre 2015 au 22 novembre 2015<br \/>\n\u00e0 la Biblioth\u00e8que nationale de France, All\u00e9e Julien Cain<br \/>\nQuai Fran\u00e7ois Mauriac, Paris 13e<\/p>\n<p>Panneau bois de 6m x 2m, technique mixte.<br \/>\nImages en situation au sein des mouvements sociaux depuis l\u2019an 2000.<br \/>\n<i>Le sens de ces images \u00e9volue dans le pr\u00e9sent qui les remet en jeu, non pas un art politique, mais une pratique politique de l\u2019art. L\u2019action c\u2019est ici et maintenant, soyons responsables, amusons-nous !<\/i><\/p>\n<p>pour en savoir plus : <a href=\"http:\/\/www.gerardparisclavel.fr\">www.gerardparisclavel.fr<\/a><\/p>\n<p><a href=\"http:\/\/multimedia.bnf.fr\/chroniques\/chroniques_74\/\"><img loading=\"lazy\" class=\"aligncenter wp-image-17 size-full\" src=\"http:\/\/www.gerardparisclavel.fr\/bonjour\/wp-content\/uploads\/2016\/01\/Chronic.jpg\" alt=\"Chronic\" width=\"1000\" height=\"750\" srcset=\"http:\/\/www.gerardparisclavel.fr\/bonjour\/wp-content\/uploads\/2016\/01\/Chronic.jpg 1000w, http:\/\/www.gerardparisclavel.fr\/bonjour\/wp-content\/uploads\/2016\/01\/Chronic-300x225.jpg 300w, http:\/\/www.gerardparisclavel.fr\/bonjour\/wp-content\/uploads\/2016\/01\/Chronic-768x576.jpg 768w\" sizes=\"(max-width: 1000px) 100vw, 1000px\" \/><\/a><\/p>\n<p><a href=\"http:\/\/multimedia.bnf.fr\/chroniques\/chroniques_74\/\">Chroniques, le magazine de la BnF<\/a><\/p>\n","protected":false},"excerpt":{"rendered":"<p>Installation pour l\u2019exposition \u00abGraphisme contemporain et engagements\u00bb du 21 septembre 2015 au 22 novembre 2015 \u00e0 la Biblioth\u00e8que nationale de France, All\u00e9e Julien Cain Quai Fran\u00e7ois Mauriac, Paris 13e Panneau bois de 6m x 2m, technique mixte. Images en situation &hellip; <a href=\"http:\/\/www.gerardparisclavel.fr\/bonjour\/?p=15\">Continuer la lecture <span class=\"meta-nav\">&rarr;<\/span><\/a><\/p>\n","protected":false},"author":2,"featured_media":0,"comment_status":"open","ping_status":"open","sticky":false,"template":"","format":"standard","meta":[],"categories":[2],"tags":[],"_links":{"self":[{"href":"http:\/\/www.gerardparisclavel.fr\/bonjour\/index.php?rest_route=\/wp\/v2\/posts\/15"}],"collection":[{"href":"http:\/\/www.gerardparisclavel.fr\/bonjour\/index.php?rest_route=\/wp\/v2\/posts"}],"about":[{"href":"http:\/\/www.gerardparisclavel.fr\/bonjour\/index.php?rest_route=\/wp\/v2\/types\/post"}],"author":[{"embeddable":true,"href":"http:\/\/www.gerardparisclavel.fr\/bonjour\/index.php?rest_route=\/wp\/v2\/users\/2"}],"replies":[{"embeddable":true,"href":"http:\/\/www.gerardparisclavel.fr\/bonjour\/index.php?rest_route=%2Fwp%2Fv2%2Fcomments&post=15"}],"version-history":[{"count":10,"href":"http:\/\/www.gerardparisclavel.fr\/bonjour\/index.php?rest_route=\/wp\/v2\/posts\/15\/revisions"}],"predecessor-version":[{"id":131,"href":"http:\/\/www.gerardparisclavel.fr\/bonjour\/index.php?rest_route=\/wp\/v2\/posts\/15\/revisions\/131"}],"wp:attachment":[{"href":"http:\/\/www.gerardparisclavel.fr\/bonjour\/index.php?rest_route=%2Fwp%2Fv2%2Fmedia&parent=15"}],"wp:term":[{"taxonomy":"category","embeddable":true,"href":"http:\/\/www.gerardparisclavel.fr\/bonjour\/index.php?rest_route=%2Fwp%2Fv2%2Fcategories&post=15"},{"taxonomy":"post_tag","embeddable":true,"href":"http:\/\/www.gerardparisclavel.fr\/bonjour\/index.php?rest_route=%2Fwp%2Fv2%2Ftags&post=15"}],"curies":[{"name":"wp","href":"https:\/\/api.w.org\/{rel}","templated":true}]}}