{"id":133,"date":"2016-04-04T09:48:18","date_gmt":"2016-04-04T08:48:18","guid":{"rendered":"http:\/\/www.gerardparisclavel.fr\/bonjour\/?p=133"},"modified":"2017-08-05T17:32:42","modified_gmt":"2017-08-05T16:32:42","slug":"poetique-et-politique","status":"publish","type":"post","link":"http:\/\/www.gerardparisclavel.fr\/bonjour\/?p=133","title":{"rendered":"Po\u00e9tique et politique"},"content":{"rendered":"<p><img src=\"http:\/\/www.gerardparisclavel.fr\/bonjour\/wp-content\/uploads\/2016\/04\/cropped-NuitDeboutentete3.jpg\" alt=\"cropped-NuitDeboutentete3.jpg\" width=\"800\" \/><\/p>\n<p><img class=\"alignnone size-full wp-image-52\" src=\"\/bonjour\/wp-content\/uploads\/2016\/04\/ReveGenerale-NuitDebout-1.jpg\" alt=\"ReveGenerale-NuitDebout\" width=\"637\" \/><\/p>\n<p><a href=\"https:\/\/www.facebook.com\/NuitDebout\/\">Nuit debout<\/a>, citoyenne et joyeuse place de la R\u00e9publique \u00e0 Paris, mais aussi \u00e0 Marseille, Nantes, Toulouse, Lille, Bordeaux, Strasbourg&#8230; Une <a href=\"http:\/\/www.convergence-des-luttes.org\">convergence des luttes<\/a> qui d\u00e9bat avec vitalit\u00e9 et interroge les formes \u00e0 donner aux luttes politiques. Une magnifique installation lumineuse de <a href=\"http:\/\/www.carre-rouge.org\/IMG\/pdf\/6-_reI_ve_geI_neI_rale.pdf\">R\u00eave G\u00e9n\u00e9rale<\/a> (faite par le collectif <a href=\"https:\/\/lumenparis.wordpress.com\/\">Lumen \u2013 Paris Light Brigade<\/a>) accompagn\u00e9e de nombreux \u00e9changes de paroles, de dessins, de chansons\u2026 Et d&rsquo;une diffusion des papillons de <a href=\"http:\/\/www.nepasplier.fr\">Ne pas plier<\/a>. La nuit est belle, le jour se l\u00e8ve\u2026<\/p>\n","protected":false},"excerpt":{"rendered":"<p>Nuit debout, citoyenne et joyeuse place de la R\u00e9publique \u00e0 Paris, mais aussi \u00e0 Marseille, Nantes, Toulouse, Lille, Bordeaux, Strasbourg&#8230; Une convergence des luttes qui d\u00e9bat avec vitalit\u00e9 et interroge les formes \u00e0 donner aux luttes politiques. Une magnifique installation &hellip; <a href=\"http:\/\/www.gerardparisclavel.fr\/bonjour\/?p=133\">Continuer la lecture <span class=\"meta-nav\">&rarr;<\/span><\/a><\/p>\n","protected":false},"author":2,"featured_media":0,"comment_status":"open","ping_status":"open","sticky":false,"template":"","format":"standard","meta":[],"categories":[3],"tags":[],"_links":{"self":[{"href":"http:\/\/www.gerardparisclavel.fr\/bonjour\/index.php?rest_route=\/wp\/v2\/posts\/133"}],"collection":[{"href":"http:\/\/www.gerardparisclavel.fr\/bonjour\/index.php?rest_route=\/wp\/v2\/posts"}],"about":[{"href":"http:\/\/www.gerardparisclavel.fr\/bonjour\/index.php?rest_route=\/wp\/v2\/types\/post"}],"author":[{"embeddable":true,"href":"http:\/\/www.gerardparisclavel.fr\/bonjour\/index.php?rest_route=\/wp\/v2\/users\/2"}],"replies":[{"embeddable":true,"href":"http:\/\/www.gerardparisclavel.fr\/bonjour\/index.php?rest_route=%2Fwp%2Fv2%2Fcomments&post=133"}],"version-history":[{"count":21,"href":"http:\/\/www.gerardparisclavel.fr\/bonjour\/index.php?rest_route=\/wp\/v2\/posts\/133\/revisions"}],"predecessor-version":[{"id":268,"href":"http:\/\/www.gerardparisclavel.fr\/bonjour\/index.php?rest_route=\/wp\/v2\/posts\/133\/revisions\/268"}],"wp:attachment":[{"href":"http:\/\/www.gerardparisclavel.fr\/bonjour\/index.php?rest_route=%2Fwp%2Fv2%2Fmedia&parent=133"}],"wp:term":[{"taxonomy":"category","embeddable":true,"href":"http:\/\/www.gerardparisclavel.fr\/bonjour\/index.php?rest_route=%2Fwp%2Fv2%2Fcategories&post=133"},{"taxonomy":"post_tag","embeddable":true,"href":"http:\/\/www.gerardparisclavel.fr\/bonjour\/index.php?rest_route=%2Fwp%2Fv2%2Ftags&post=133"}],"curies":[{"name":"wp","href":"https:\/\/api.w.org\/{rel}","templated":true}]}}